{"id":16753,"date":"2026-04-30T08:36:27","date_gmt":"2026-04-30T08:36:27","guid":{"rendered":"https:\/\/www.newsrecorder.ro\/app\/2026\/04\/30\/bolojan-dezvaluie-planul-sau-in-urma-unei-posibile-motiuni-de-cenzura\/"},"modified":"2026-04-30T08:36:27","modified_gmt":"2026-04-30T08:36:27","slug":"bolojan-dezvaluie-planul-sau-in-urma-unei-posibile-motiuni-de-cenzura","status":"publish","type":"post","link":"https:\/\/www.newsrecorder.ro\/app\/2026\/04\/30\/bolojan-dezvaluie-planul-sau-in-urma-unei-posibile-motiuni-de-cenzura\/","title":{"rendered":"Bolojan dezv\u0103luie planul s\u0103u \u00een urma unei posibile mo\u021biuni de cenzur\u0103!"},"content":{"rendered":"<p>\u00centr-un interviu recent acordat postului de radio Rock FM, premierul Ilie Bolojan a discutat despre perspectivele sale \u00een cazul \u00een care mo\u021biunea de cenzur\u0103 ini\u021biat\u0103 de PSD, AUR \u0219i Grupul Pace va fi adoptat\u0103. Acesta a subliniat c\u0103 este preg\u0103tit s\u0103 ia m\u0103suri decisive, av\u00e2nd \u00een vedere at\u00e2t experien\u021ba sa politic\u0103, c\u00e2t \u0219i sus\u021binerea pe care o prime\u0219te din partea Partidului Na\u021bional Liberal (PNL).<\/p>\n<p>\u201e\u00cen perioada urm\u0103toare, voi construi o alternativ\u0103 politic\u0103 care s\u0103 ofere Rom\u00e2niei moderne certitudinea c\u0103 exist\u0103 o for\u021b\u0103 capabil\u0103 s\u0103 dezvolte \u021bara, guvern\u00e2nd cu onestitate \u0219i corectitudine. Este esen\u021bial s\u0103 cre\u0103m condi\u021bii favorabile pentru cet\u0103\u021beni \u0219i s\u0103 le respect\u0103m drepturile\u201d, a afirmat premierul Bolojan.<\/p>\n<p>Mo\u021biunea de cenzur\u0103 va fi dezb\u0103tut\u0103 s\u0103pt\u0103m\u00e2na viitoare, iar rezultatul acesteia va avea un impact semnificativ asupra viitorului politic al Rom\u00e2niei.<\/p>\n","protected":false},"excerpt":{"rendered":"<p>\u00centr-un interviu recent acordat postului de radio Rock FM, premierul Ilie Bolojan a discutat despre perspectivele sale \u00een cazul \u00een care mo\u021biunea de cenzur\u0103 ini\u021biat\u0103 de PSD, AUR \u0219i Grupul Pace va fi adoptat\u0103. Acesta a subliniat c\u0103 este preg\u0103tit s\u0103 ia m\u0103suri decisive, av\u00e2nd \u00een vedere at\u00e2t experien\u021ba sa politic\u0103, c\u00e2t \u0219i sus\u021binerea pe [&hellip;]<\/p>\n","protected":false},"author":2,"featured_media":16754,"comment_status":"open","ping_status":"open","sticky":false,"template":"","format":"standard","meta":{"jnews-multi-image_gallery":[],"jnews_single_post":[],"jnews_primary_category":[],"jnews_override_counter":[],"footnotes":""},"categories":[42],"tags":[1916,19032,526,10543,12212,627,4107,300],"class_list":["post-16753","post","type-post","status-publish","format-standard","has-post-thumbnail","hentry","category-politica","tag-aur","tag-drepturi-cetatenesti","tag-guvernare","tag-iliesc","tag-motiune-de-cenzura","tag-pnl","tag-politica-romaneasca","tag-psd"],"_links":{"self":[{"href":"https:\/\/www.newsrecorder.ro\/app\/wp-json\/wp\/v2\/posts\/16753","targetHints":{"allow":["GET"]}}],"collection":[{"href":"https:\/\/www.newsrecorder.ro\/app\/wp-json\/wp\/v2\/posts"}],"about":[{"href":"https:\/\/www.newsrecorder.ro\/app\/wp-json\/wp\/v2\/types\/post"}],"author":[{"embeddable":true,"href":"https:\/\/www.newsrecorder.ro\/app\/wp-json\/wp\/v2\/users\/2"}],"replies":[{"embeddable":true,"href":"https:\/\/www.newsrecorder.ro\/app\/wp-json\/wp\/v2\/comments?post=16753"}],"version-history":[{"count":0,"href":"https:\/\/www.newsrecorder.ro\/app\/wp-json\/wp\/v2\/posts\/16753\/revisions"}],"wp:featuredmedia":[{"embeddable":true,"href":"https:\/\/www.newsrecorder.ro\/app\/wp-json\/wp\/v2\/media\/16754"}],"wp:attachment":[{"href":"https:\/\/www.newsrecorder.ro\/app\/wp-json\/wp\/v2\/media?parent=16753"}],"wp:term":[{"taxonomy":"category","embeddable":true,"href":"https:\/\/www.newsrecorder.ro\/app\/wp-json\/wp\/v2\/categories?post=16753"},{"taxonomy":"post_tag","embeddable":true,"href":"https:\/\/www.newsrecorder.ro\/app\/wp-json\/wp\/v2\/tags?post=16753"}],"curies":[{"name":"wp","href":"https:\/\/api.w.org\/{rel}","templated":true}]}}