{"id":16755,"date":"2026-04-30T08:36:43","date_gmt":"2026-04-30T08:36:43","guid":{"rendered":"https:\/\/www.newsrecorder.ro\/app\/2026\/04\/30\/ilie-bolojan-pnl-pe-calea-pntcd-si-alde-daca-devine-anexa-psd\/"},"modified":"2026-04-30T08:36:43","modified_gmt":"2026-04-30T08:36:43","slug":"ilie-bolojan-pnl-pe-calea-pntcd-si-alde-daca-devine-anexa-psd","status":"publish","type":"post","link":"https:\/\/www.newsrecorder.ro\/app\/2026\/04\/30\/ilie-bolojan-pnl-pe-calea-pntcd-si-alde-daca-devine-anexa-psd\/","title":{"rendered":"Ilie Bolojan: PNL pe calea PN\u021aCD \u0219i ALDE dac\u0103 devine \u201eanexa\u201d PSD!"},"content":{"rendered":"<p>Ilie Bolojan, liderul Partidului Na\u021bional Liberal (PNL), a adus critici dure la adresa conducerii partidului s\u0103u, subliniind c\u0103 aceasta a devenit o \u201eanex\u0103\u201d a Partidului Social Democrat (PSD) pentru a-\u0219i facilita manevrele parlamentare. Declara\u021biile au fost f\u0103cute joi, \u00een cadrul unei emisiuni la Rock FM.<\/p>\n<p>Bolojan a eviden\u021biat c\u0103 identitatea PNL a suferit o diluare semnificativ\u0103 \u00een ultimii ani, \u00een special din cauza asocierii \u00eendelungate cu PSD \u00een guvernare. \u201eTrebuie s\u0103 recunoa\u0219tem c\u0103 PNL, prin colaborarea sa cu PSD, a pierdut profilul, a uitat deseori cine sunt \u0219i a pierdut \u00eencrederea cet\u0103\u021benilor, lucru evident din rezultatele alegerilor\u201d, a explicat el.<\/p>\n<p>Pre\u0219edintele PNL a atras aten\u021bia asupra pericolelor pe care le prezint\u0103 interven\u021biile externe \u00een conducerea partidului sau \u00een stabilirea deciziilor \u00een afara structurilor interne. El a avertizat c\u0103 o astfel de abordare ar putea conduce Partidul Na\u021bional Liberal spre o zon\u0103 de irelevan\u021b\u0103 politic\u0103. \u201eDecapitarea unui partid sau stabilirea conducerii \u00eentr-un alt sediu dec\u00e2t cel al partidului \u00eenseamn\u0103 c\u0103 acel partid devine o anex\u0103, un partid de tip balama. Dac\u0103 PNL nu \u00ee\u0219i \u00eenva\u021b\u0103 lec\u021bia \u0219i accept\u0103 o astfel de situa\u021bie, risc\u0103 s\u0103 \u00ee\u0219i asume etichete precum PN\u021aCD sau ALDE\u201d, a declarat Bolojan.<\/p>\n<p>\u00centr-un alt context, miercuri, Partidul Social Democrat a lansat un <a style=\"color: #0000ff\" href=\"https:\/\/www.mediafax.ro\/stirile-zilei\/psd-apel-catre-liberali-sa-abandoneze-un-premier-care-si-a-pierdut-sprijinul-politic-23728460\">apel<\/a> c\u0103tre liderii liberali care se opun lui Bolojan. Social-democra\u021bii au \u00eendemnat liderii responsabili s\u0103 con\u0219tientizeze c\u0103 sus\u021binerea lui Bolojan \u00eentr-un guvern nefunc\u021bional compromite \u0219ansele de relansare a economiei. \u201eAm observat, \u00een ultimele zile, voci importante din PNL, at\u00e2t la nivel central, c\u00e2t \u0219i din teritoriu, care discut\u0103 despre necesitatea unui dialog politic post-Bolojan \u00eentre partidele din alian\u021ba de guvernare. \u00cei \u00eencuraj\u0103m pe to\u021bi liberalii care g\u00e2ndesc astfel, dar nu au avut curajul s\u0103 se exprime p\u00e2n\u0103 acum, s\u0103 o fac\u0103 \u00een aceste zile\u201d, au concluzionat social-democra\u021bii.<\/p>\n","protected":false},"excerpt":{"rendered":"<p>Ilie Bolojan, liderul Partidului Na\u021bional Liberal (PNL), a adus critici dure la adresa conducerii partidului s\u0103u, subliniind c\u0103 aceasta a devenit o \u201eanex\u0103\u201d a Partidului Social Democrat (PSD) pentru a-\u0219i facilita manevrele parlamentare. Declara\u021biile au fost f\u0103cute joi, \u00een cadrul unei emisiuni la Rock FM. Bolojan a eviden\u021biat c\u0103 identitatea PNL a suferit o diluare [&hellip;]<\/p>\n","protected":false},"author":2,"featured_media":16756,"comment_status":"open","ping_status":"open","sticky":false,"template":"","format":"standard","meta":{"jnews-multi-image_gallery":[],"jnews_single_post":[],"jnews_primary_category":[],"jnews_override_counter":[],"footnotes":""},"categories":[42],"tags":[697,2584,302,8870,1333,2152,627,300],"class_list":["post-16755","post","type-post","status-publish","format-standard","has-post-thumbnail","hentry","category-politica","tag-critici","tag-identitate","tag-ilie-bolojan","tag-interventii-externe","tag-partidul-national-liberal","tag-partidul-social-democrat","tag-pnl","tag-psd"],"_links":{"self":[{"href":"https:\/\/www.newsrecorder.ro\/app\/wp-json\/wp\/v2\/posts\/16755","targetHints":{"allow":["GET"]}}],"collection":[{"href":"https:\/\/www.newsrecorder.ro\/app\/wp-json\/wp\/v2\/posts"}],"about":[{"href":"https:\/\/www.newsrecorder.ro\/app\/wp-json\/wp\/v2\/types\/post"}],"author":[{"embeddable":true,"href":"https:\/\/www.newsrecorder.ro\/app\/wp-json\/wp\/v2\/users\/2"}],"replies":[{"embeddable":true,"href":"https:\/\/www.newsrecorder.ro\/app\/wp-json\/wp\/v2\/comments?post=16755"}],"version-history":[{"count":0,"href":"https:\/\/www.newsrecorder.ro\/app\/wp-json\/wp\/v2\/posts\/16755\/revisions"}],"wp:featuredmedia":[{"embeddable":true,"href":"https:\/\/www.newsrecorder.ro\/app\/wp-json\/wp\/v2\/media\/16756"}],"wp:attachment":[{"href":"https:\/\/www.newsrecorder.ro\/app\/wp-json\/wp\/v2\/media?parent=16755"}],"wp:term":[{"taxonomy":"category","embeddable":true,"href":"https:\/\/www.newsrecorder.ro\/app\/wp-json\/wp\/v2\/categories?post=16755"},{"taxonomy":"post_tag","embeddable":true,"href":"https:\/\/www.newsrecorder.ro\/app\/wp-json\/wp\/v2\/tags?post=16755"}],"curies":[{"name":"wp","href":"https:\/\/api.w.org\/{rel}","templated":true}]}}