{"id":16757,"date":"2026-04-30T08:36:56","date_gmt":"2026-04-30T08:36:56","guid":{"rendered":"https:\/\/www.newsrecorder.ro\/app\/2026\/04\/30\/bolojan-catre-aur-si-psd-propuneti-solutii-nu-doar-critici\/"},"modified":"2026-04-30T08:36:56","modified_gmt":"2026-04-30T08:36:56","slug":"bolojan-catre-aur-si-psd-propuneti-solutii-nu-doar-critici","status":"publish","type":"post","link":"https:\/\/www.newsrecorder.ro\/app\/2026\/04\/30\/bolojan-catre-aur-si-psd-propuneti-solutii-nu-doar-critici\/","title":{"rendered":"Bolojan c\u0103tre AUR \u0219i PSD: Propune\u021bi solu\u021bii, nu doar critici!"},"content":{"rendered":"<p>\u00centr-un interviu recent acordat postului de radio Rock FM, premierul a abordat subiectul mo\u021biunilor de cenzur\u0103 ini\u021biate de diverse partide. Acesta a subliniat importan\u021ba responsabilit\u0103\u021bii, cer\u00e2nd forma\u021biunilor politice s\u0103 vin\u0103 cu solu\u021bii concrete \u00een cazul \u00een care guvernul actual ar fi nevoit s\u0103 se retrag\u0103 de la conducerea Palatului Victoria.<\/p>\n<p>\u201eCei care ini\u021biaz\u0103 astfel de ac\u021biuni ar trebui s\u0103 propun\u0103 \u0219i o solu\u021bie viabil\u0103. Este u\u0219or s\u0103 critici \u0219i s\u0103 demolezi, dar este esen\u021bial ca parlamentarii s\u0103 fie con\u0219tien\u021bi de alternativele pe care le au atunci c\u00e2nd voteaz\u0103,\u201d a declarat premierul.<\/p>\n<p>\u00centrebat despre posibila formare a unei coali\u021bii \u00eentre PSD \u0219i AUR \u00een viitorul apropiat, Ilie Bolojan a r\u0103spuns cu o not\u0103 de precau\u021bie: \u201eFaptul c\u0103 redactezi o mo\u021biune \u00eempreun\u0103 cu un alt partid indic\u0103 o anumit\u0103 direc\u021bie.\u201d<\/p>\n<p>De asemenea, este important de men\u021bionat c\u0103 mo\u021biunea de cenzur\u0103 propus\u0103 de PSD, AUR \u0219i Grupul Pace va fi discutat\u0103 \u00een plenul Parlamentului s\u0103pt\u0103m\u00e2na viitoare, ceea ce ar putea avea implica\u021bii semnificative pentru stabilitatea actualului guvern.<\/p>\n","protected":false},"excerpt":{"rendered":"<p>\u00centr-un interviu recent acordat postului de radio Rock FM, premierul a abordat subiectul mo\u021biunilor de cenzur\u0103 ini\u021biate de diverse partide. Acesta a subliniat importan\u021ba responsabilit\u0103\u021bii, cer\u00e2nd forma\u021biunilor politice s\u0103 vin\u0103 cu solu\u021bii concrete \u00een cazul \u00een care guvernul actual ar fi nevoit s\u0103 se retrag\u0103 de la conducerea Palatului Victoria. \u201eCei care ini\u021biaz\u0103 astfel de [&hellip;]<\/p>\n","protected":false},"author":2,"featured_media":16758,"comment_status":"open","ping_status":"open","sticky":false,"template":"","format":"standard","meta":{"jnews-multi-image_gallery":[],"jnews_single_post":[],"jnews_primary_category":[],"jnews_override_counter":[],"footnotes":""},"categories":[42],"tags":[1916,636,301,14560,1046,300,319,19033],"class_list":["post-16757","post","type-post","status-publish","format-standard","has-post-thumbnail","hentry","category-politica","tag-aur","tag-coalitie","tag-guvern","tag-motiuni-de-cenzura","tag-premier","tag-psd","tag-responsabilitate","tag-solutii-politice"],"_links":{"self":[{"href":"https:\/\/www.newsrecorder.ro\/app\/wp-json\/wp\/v2\/posts\/16757","targetHints":{"allow":["GET"]}}],"collection":[{"href":"https:\/\/www.newsrecorder.ro\/app\/wp-json\/wp\/v2\/posts"}],"about":[{"href":"https:\/\/www.newsrecorder.ro\/app\/wp-json\/wp\/v2\/types\/post"}],"author":[{"embeddable":true,"href":"https:\/\/www.newsrecorder.ro\/app\/wp-json\/wp\/v2\/users\/2"}],"replies":[{"embeddable":true,"href":"https:\/\/www.newsrecorder.ro\/app\/wp-json\/wp\/v2\/comments?post=16757"}],"version-history":[{"count":0,"href":"https:\/\/www.newsrecorder.ro\/app\/wp-json\/wp\/v2\/posts\/16757\/revisions"}],"wp:featuredmedia":[{"embeddable":true,"href":"https:\/\/www.newsrecorder.ro\/app\/wp-json\/wp\/v2\/media\/16758"}],"wp:attachment":[{"href":"https:\/\/www.newsrecorder.ro\/app\/wp-json\/wp\/v2\/media?parent=16757"}],"wp:term":[{"taxonomy":"category","embeddable":true,"href":"https:\/\/www.newsrecorder.ro\/app\/wp-json\/wp\/v2\/categories?post=16757"},{"taxonomy":"post_tag","embeddable":true,"href":"https:\/\/www.newsrecorder.ro\/app\/wp-json\/wp\/v2\/tags?post=16757"}],"curies":[{"name":"wp","href":"https:\/\/api.w.org\/{rel}","templated":true}]}}