{"id":16759,"date":"2026-04-30T08:37:21","date_gmt":"2026-04-30T08:37:21","guid":{"rendered":"https:\/\/www.newsrecorder.ro\/app\/2026\/04\/30\/bolojan-clarifica-am-incredere-in-colegii-mei-in-fata-speculatiilor\/"},"modified":"2026-04-30T08:37:21","modified_gmt":"2026-04-30T08:37:21","slug":"bolojan-clarifica-am-incredere-in-colegii-mei-in-fata-speculatiilor","status":"publish","type":"post","link":"https:\/\/www.newsrecorder.ro\/app\/2026\/04\/30\/bolojan-clarifica-am-incredere-in-colegii-mei-in-fata-speculatiilor\/","title":{"rendered":"\u201eBolojan clarific\u0103: &#8216;Am \u00eencredere \u00een colegii mei&#8217; \u00een fa\u021ba specula\u021biilor\u201d"},"content":{"rendered":"<p>\u201eFiecare parlamentar are libertatea de a vota sau nu. Eu am \u00eencredere \u00een colegii din PNL\u201d, a declarat Bolojan, liderul Partidului Na\u021bional Liberal.<\/p>\n<p>Bolojan a subliniat c\u0103 ruptura dintre PNL \u0219i Partidul Social Democrat a fost generat\u0103 de decizia social-democra\u021bilor de a depune mo\u021biunea de cenzur\u0103, un gest pe care l-a considerat ca fiind un atac asupra \u00eencrederii dintre partidele aflate la guvernare.<\/p>\n<p>&lt;p\u201eNu va mai fi posibil\u0103 o coali\u021bie \u00eentre PNL \u0219i PSD\u201d, a afirmat el, argument\u00e2nd c\u0103 respectarea angajamentelor politice \u0219i a programului de guvernare a fost grav afectat\u0103.<\/p>\n<p>\u00cen cadrul unui discurs sus\u021binut recent, premierul a recunoscut c\u0103 partidele politice au contribu\u021b la diminuarea \u00eencrederii cet\u0103\u021benilor \u00een clasa politic\u0103, prin promisiuni nerespectate \u0219i acorduri \u00eenc\u0103lcate.<\/p>\n<p>\u201eAvem un grad sc\u0103zut de \u00eencredere din partea cet\u0103\u021benilor \u00een politica noastr\u0103, iar acest lucru este pe deplin justificat\u201d, a subliniat Bolojan, ad\u0103ug\u00e2nd c\u0103 oamenii a\u0219teapt\u0103 ca cei afla\u021bi la putere s\u0103 se dedice intereselor na\u021bionale, nu s\u0103 creeze crize. <\/p>\n<p>C\u00e2nd a fost \u00eentrebat dac\u0103 exist\u0103 riscul ca unii membri ai partidului s\u0103 negocieze cu PSD, \u00een ciuda deciziei oficiale, Bolojan a afirmat c\u0103 toate deciziile vor fi luate \u00een mod colectiv, dup\u0103 consult\u0103ri interne planificate post-votul mo\u021biunii.<\/p>\n<p>\u201eRespectarea deciziei colective a majorit\u0103\u021bii este un act de responsabilitate \u0219i normalitate, indiferent de func\u021bia pe care o ocupi \u00een partid\u201d, a declarat el.<\/p>\n<p>Premierul a recunoscut c\u0103 pot exista opinii diferite \u00een cadrul partidului, \u00eens\u0103 este convins c\u0103 exist\u0103 o \u201emas\u0103 critic\u0103 puternic\u0103\u201d \u00een PNL care \u00een\u021belege necesitatea de a nu repeta gre\u0219elile politice ale trecutului.<\/p>\n<p>\u201eDac\u0103 dorim s\u0103 fim respecta\u021bi \u0219i s\u0103 r\u0103m\u00e2nem un partid relevant, trebuie s\u0103 evit\u0103m repetarea lucrurilor gre\u0219ite din anii anteriori\u201d, a subliniat Bolojan.<\/p>\n<p>\u00centrebat dac\u0103 tensiunile interne ar putea conduce la formarea unui nou partid desprins din PNL, liderul liberal a negat, deocamdat\u0103, un astfel de scenariu, recunosc\u00e2nd totu\u0219i c\u0103 politica rom\u00e2neasc\u0103 a generat surprize \u00een momente de criz\u0103.<\/p>\n<p>\u201eNu anticipez o astfel de situa\u021bie, dar \u00een politica rom\u00e2neasc\u0103, \u00een ultimii 20 de ani, am fost martorii unor evenimente nea\u0219teptate \u00een condi\u021bii limit\u0103\u201d, a afirmat el.<\/p>\n<p>\u00cen concluzie, Bolojan a subliniat c\u0103 miza principal\u0103 r\u0103m\u00e2ne stabilitatea guvern\u0103rii \u0219i calitatea actului politic, insist\u00e2nd c\u0103 problemele unei \u021b\u0103ri nu sunt generate de cet\u0103\u021beni, ci de modul \u00een care este administrat\u0103 aceasta.<\/p>\n<p>\u201eProblema este \u00eentotdeauna calitatea guvern\u0103rii \u0219i a guvernului\u201d, a concluzionat liderul liberal.<\/p>\n","protected":false},"excerpt":{"rendered":"<p>\u201eFiecare parlamentar are libertatea de a vota sau nu. Eu am \u00eencredere \u00een colegii din PNL\u201d, a declarat Bolojan, liderul Partidului Na\u021bional Liberal. Bolojan a subliniat c\u0103 ruptura dintre PNL \u0219i Partidul Social Democrat a fost generat\u0103 de decizia social-democra\u021bilor de a depune mo\u021biunea de cenzur\u0103, un gest pe care l-a considerat ca fiind un [&hellip;]<\/p>\n","protected":false},"author":2,"featured_media":16760,"comment_status":"open","ping_status":"open","sticky":false,"template":"","format":"standard","meta":{"jnews-multi-image_gallery":[],"jnews_single_post":[],"jnews_primary_category":[],"jnews_override_counter":[],"footnotes":""},"categories":[42],"tags":[1298,526,210,12212,18313,2152,627,522],"class_list":["post-16759","post","type-post","status-publish","format-standard","has-post-thumbnail","hentry","category-politica","tag-bolojan","tag-guvernare","tag-incredere","tag-motiune-de-cenzura","tag-parlamentar","tag-partidul-social-democrat","tag-pnl","tag-vot"],"_links":{"self":[{"href":"https:\/\/www.newsrecorder.ro\/app\/wp-json\/wp\/v2\/posts\/16759","targetHints":{"allow":["GET"]}}],"collection":[{"href":"https:\/\/www.newsrecorder.ro\/app\/wp-json\/wp\/v2\/posts"}],"about":[{"href":"https:\/\/www.newsrecorder.ro\/app\/wp-json\/wp\/v2\/types\/post"}],"author":[{"embeddable":true,"href":"https:\/\/www.newsrecorder.ro\/app\/wp-json\/wp\/v2\/users\/2"}],"replies":[{"embeddable":true,"href":"https:\/\/www.newsrecorder.ro\/app\/wp-json\/wp\/v2\/comments?post=16759"}],"version-history":[{"count":0,"href":"https:\/\/www.newsrecorder.ro\/app\/wp-json\/wp\/v2\/posts\/16759\/revisions"}],"wp:featuredmedia":[{"embeddable":true,"href":"https:\/\/www.newsrecorder.ro\/app\/wp-json\/wp\/v2\/media\/16760"}],"wp:attachment":[{"href":"https:\/\/www.newsrecorder.ro\/app\/wp-json\/wp\/v2\/media?parent=16759"}],"wp:term":[{"taxonomy":"category","embeddable":true,"href":"https:\/\/www.newsrecorder.ro\/app\/wp-json\/wp\/v2\/categories?post=16759"},{"taxonomy":"post_tag","embeddable":true,"href":"https:\/\/www.newsrecorder.ro\/app\/wp-json\/wp\/v2\/tags?post=16759"}],"curies":[{"name":"wp","href":"https:\/\/api.w.org\/{rel}","templated":true}]}}