{"id":16761,"date":"2026-04-30T08:37:37","date_gmt":"2026-04-30T08:37:37","guid":{"rendered":"https:\/\/www.newsrecorder.ro\/app\/2026\/04\/30\/bolojan-psd-joaca-o-dramoleta-si-a-praduit-banul-public\/"},"modified":"2026-04-30T08:37:37","modified_gmt":"2026-04-30T08:37:37","slug":"bolojan-psd-joaca-o-dramoleta-si-a-praduit-banul-public","status":"publish","type":"post","link":"https:\/\/www.newsrecorder.ro\/app\/2026\/04\/30\/bolojan-psd-joaca-o-dramoleta-si-a-praduit-banul-public\/","title":{"rendered":"Bolojan: PSD joac\u0103 o \u201edramolet\u0103\u201d \u0219i a \u201epr\u0103duit banul public\u201d!"},"content":{"rendered":"<p>Ilie Bolojan a declarat c\u0103, \u00een primele dou\u0103 luni de la constituirea coali\u021biei, activitatea guvernamental\u0103 a decurs \u00eentr-un mod relativ normal. Totu\u0219i, ulterior, presiunea impus\u0103 de Uniunea European\u0103 pentru implementarea m\u0103surilor de corectare a deficitului bugetar a \u00eenceput s\u0103 se intensifice.<\/p>\n<p><em>\u201ePe m\u0103sur\u0103 ce timpul a trecut, PSD a \u00eenceput s\u0103 se opun\u0103, \u00een special pentru c\u0103 m\u0103surile adoptate nu erau populare. Acestea contraziceau ideea c\u0103, dac\u0103 ne voteaz\u0103 cineva, vom avea un \u00abcorn al abunden\u021bei\u00bb care s\u0103 satisfac\u0103 toate dorin\u021bele cet\u0103\u021benilor\u201d, a afirmat Bolojan.<\/em><\/p>\n<p><em>\u201ePartidul a \u00eenceput s\u0103 joace aceast\u0103 \u00abdramolet\u0103\u00bb de opozi\u021bie din interiorul guvern\u0103rii, prezent\u00e2nd la pr\u00e2nz informa\u021bii despre \u0219edin\u021be care nu erau conforme cu realitatea, \u00eencerc\u00e2nd s\u0103 identifice vinova\u021bi \u0219i s\u0103 se pozeze ca fiind cei care se opun \u00een spa\u021biul public\u201d, a explicat premierul.<\/em><\/p>\n<p><em>\u201eAceasta a fost o evolu\u021bie, probabil calculat\u0103, cu g\u00e2ndul c\u0103 pot recupera electoratul \u0219i s\u0103 dep\u0103\u0219easc\u0103 situa\u021bia dificil\u0103 \u00een care conducerea PSD a adus Rom\u00e2nia. \u00cens\u0103, acest lucru nu s-a materializat\u201d, a mai declarat Bolojan.<\/em><\/p>\n<p>Premierul a subliniat c\u0103, timp de mul\u021bi ani, bugetul de stat a fost utilizat \u201eca o pu\u0219culi\u021b\u0103\u201d de c\u0103tre administra\u021bii neperformante. Acesta a precizat c\u0103 lideri locali s-au comportat ca ni\u0219te \u201ejup\u00e2ni\u201d \u0219i au crezut c\u0103 vechile obiceiuri de a solicita aloc\u0103ri de la bugetul de stat pentru a-\u0219i rezolva incompeten\u021ba \u0219i ineficien\u021ba vor continua s\u0103 func\u021bioneze.<\/p>\n<p>Bolojan a men\u021bionat c\u0103 Guvernul a depus eforturi pentru a stopa risipa banului public, pentru a combate evaziunea fiscal\u0103 \u0219i pentru a elimina pierderile din companiile de stat. Toate aceste m\u0103suri au fost menite s\u0103 permit\u0103, de exemplu, un acces mai bun al produc\u0103torilor de energie \u00een sistemul na\u021bional.<\/p>\n<p>\u201eNu po\u021bi reduce pre\u021bul energiei f\u0103r\u0103 a cre\u0219te produc\u021bia. Dintr-un pre\u021b mare al energiei, pierd to\u021bi: agentul economic, firma rom\u00e2neasc\u0103 pierde competitivitate, iar cet\u0103\u021beanul sufer\u0103. \u00cen schimb, cei din aceste zone beneficiaz\u0103 de c\u00e2\u0219tiguri semnificative\u201d, a explicat premierul.<\/p>\n<p><em>\u201eToate aceste aspecte ne-au condus \u00een aceast\u0103 situa\u021bie, iar, practic, nu mai puteam s\u0103 avem o imagine de ansamblu c\u0103 facem lucrurile \u00eentr-un anumit fel, \u00een timp ce \u00een interior se desf\u0103\u0219urau comportamente total diferite\u201d, a ad\u0103ugat Bolojan.<\/em><\/p>\n<p>Este important de men\u021bionat c\u0103 PSD \u0219i AUR au ini\u021biat o mo\u021biune de cenzur\u0103 \u00eempotriva Guvernului Bolojan, care a fost prezentat\u0103 \u00een Parlament miercuri \u0219i urmeaz\u0103 s\u0103 fie votat\u0103 mar\u021bi, 5 mai.<\/p>\n","protected":false},"excerpt":{"rendered":"<p>Ilie Bolojan a declarat c\u0103, \u00een primele dou\u0103 luni de la constituirea coali\u021biei, activitatea guvernamental\u0103 a decurs \u00eentr-un mod relativ normal. Totu\u0219i, ulterior, presiunea impus\u0103 de Uniunea European\u0103 pentru implementarea m\u0103surilor de corectare a deficitului bugetar a \u00eenceput s\u0103 se intensifice. \u201ePe m\u0103sur\u0103 ce timpul a trecut, PSD a \u00eenceput s\u0103 se opun\u0103, \u00een special [&hellip;]<\/p>\n","protected":false},"author":2,"featured_media":16762,"comment_status":"open","ping_status":"open","sticky":false,"template":"","format":"standard","meta":{"jnews-multi-image_gallery":[],"jnews_single_post":[],"jnews_primary_category":[],"jnews_override_counter":[],"footnotes":""},"categories":[42],"tags":[636,298,19034,302,19035,2600,300,321],"class_list":["post-16761","post","type-post","status-publish","format-standard","has-post-thumbnail","hentry","category-politica","tag-coalitie","tag-deficit-bugetar","tag-guvernamentala","tag-ilie-bolojan","tag-masuri-populare","tag-opozitie","tag-psd","tag-uniunea-europeana"],"_links":{"self":[{"href":"https:\/\/www.newsrecorder.ro\/app\/wp-json\/wp\/v2\/posts\/16761","targetHints":{"allow":["GET"]}}],"collection":[{"href":"https:\/\/www.newsrecorder.ro\/app\/wp-json\/wp\/v2\/posts"}],"about":[{"href":"https:\/\/www.newsrecorder.ro\/app\/wp-json\/wp\/v2\/types\/post"}],"author":[{"embeddable":true,"href":"https:\/\/www.newsrecorder.ro\/app\/wp-json\/wp\/v2\/users\/2"}],"replies":[{"embeddable":true,"href":"https:\/\/www.newsrecorder.ro\/app\/wp-json\/wp\/v2\/comments?post=16761"}],"version-history":[{"count":0,"href":"https:\/\/www.newsrecorder.ro\/app\/wp-json\/wp\/v2\/posts\/16761\/revisions"}],"wp:featuredmedia":[{"embeddable":true,"href":"https:\/\/www.newsrecorder.ro\/app\/wp-json\/wp\/v2\/media\/16762"}],"wp:attachment":[{"href":"https:\/\/www.newsrecorder.ro\/app\/wp-json\/wp\/v2\/media?parent=16761"}],"wp:term":[{"taxonomy":"category","embeddable":true,"href":"https:\/\/www.newsrecorder.ro\/app\/wp-json\/wp\/v2\/categories?post=16761"},{"taxonomy":"post_tag","embeddable":true,"href":"https:\/\/www.newsrecorder.ro\/app\/wp-json\/wp\/v2\/tags?post=16761"}],"curies":[{"name":"wp","href":"https:\/\/api.w.org\/{rel}","templated":true}]}}