{"id":16763,"date":"2026-04-30T08:37:58","date_gmt":"2026-04-30T08:37:58","guid":{"rendered":"https:\/\/www.newsrecorder.ro\/app\/2026\/04\/30\/noul-consul-general-la-odesa-sprijin-pentru-comunitatea-romaneasca\/"},"modified":"2026-04-30T08:37:58","modified_gmt":"2026-04-30T08:37:58","slug":"noul-consul-general-la-odesa-sprijin-pentru-comunitatea-romaneasca","status":"publish","type":"post","link":"https:\/\/www.newsrecorder.ro\/app\/2026\/04\/30\/noul-consul-general-la-odesa-sprijin-pentru-comunitatea-romaneasca\/","title":{"rendered":"Noul consul general la Odesa: sprijin pentru comunitatea rom\u00e2neasc\u0103"},"content":{"rendered":"<p>Ministerul Afacerilor Externe a anun\u021bat recent numirea unei noi conduceri pentru Consulatul General al Rom\u00e2niei la Odesa, Ucraina. Aceast\u0103 decizie vine dup\u0103 o perioad\u0103 \u00eendelungat\u0103 \u00een care activitatea oficiului consular a fost gestionat\u0103 temporar.<\/p>\n<p>Prin Hot\u0103r\u00e2rea de Guvern adoptat\u0103 \u00een data de 29 aprilie 2026, domnul Doru Liciu a fost desemnat consul general al Rom\u00e2niei la Odesa. Anterior, Doru Liciu a ocupat func\u021bia de \u00eens\u0103rcinat cu afaceri a.i. la Ambasada Rom\u00e2niei \u00een Republica Turcia. Cu o carier\u0103 bine solidificat\u0103 \u00een cadrul Ministerului Afacerilor Externe din 2007, el a fost consul la Toronto \u00eentre 2008 \u0219i 2017 \u0219i a ocupat ulterior func\u021bia de \u0219ef serviciu al Unit\u0103\u021bii Arhivelor Diplomatice din MAE.<\/p>\n<p>\u00cen contextul r\u0103zboiului de agresiune declan\u0219at de Federa\u021bia Rus\u0103 \u00eempotriva Ucrainei \u00een februarie 2022, Ministerul Afacerilor Externe a decis suspendarea activit\u0103\u021bii Consulatului General de la Odesa, reloc\u00e2nd gerantul interimar la Ambasada Rom\u00e2niei din Kiev. Consulatul General a reluat activitatea \u00een toamna anului 2025, deocamdat\u0103 \u00een regim limitat, cu o prezen\u021b\u0103 de 14 zile pe lun\u0103 a gerantului, adapt\u00e2ndu-se astfel la condi\u021biile de securitate din Ucraina.<\/p>\n<p>MAE subliniaz\u0103 c\u0103 revenirea gradual\u0103 la un regim normal de func\u021bionare al Consulatului General de la Odesa este un obiectiv esen\u021bial, av\u00e2nd \u00een vedere nevoile comunit\u0103\u021bii rom\u00e2ne\u0219ti din regiune, care num\u0103r\u0103 peste 120.000 de persoane conform recens\u0103m\u00e2ntului din 2001. Acest subiect a fost discutat \u0219i de pre\u0219edintele Nicu\u0219or Dan \u00een cadrul \u00eent\u00e2lnirii cu reprezentan\u021bii comunit\u0103\u021bii rom\u00e2ne\u0219ti din iunie 2025.<\/p>\n<p>Chiar \u0219i \u00een condi\u021bii de func\u021bionare limitat\u0103, Consulatul General de la Odesa a reu\u0219it s\u0103 reia \u0219i s\u0103 sprijine activit\u0103\u021bi culturale semnificative pentru comunitatea local\u0103, s\u0103 identifice proiecte de asisten\u021b\u0103 finan\u021bate de MAE\/RoAid \u0219i s\u0103 efectueze vizite regulate \u00een comunit\u0103\u021bile majoritar rom\u00e2ne\u0219ti din zon\u0103.<\/p>\n<p>Ministerul de Externe subliniaz\u0103 importan\u021ba reprezent\u0103rii Rom\u00e2niei la Odesa, av\u00e2nd \u00een vedere rolul strategic al regiunii, care g\u0103zduie\u0219te cel mai mare port al Ucrainei. Acest port este un conector esen\u021bial pentru \u021bar\u0103 \u00een rela\u021biile comerciale globale, inclusiv \u00een transportul de cereale.<\/p>\n<p>Referitor la activitatea consular\u0103, aceasta a fost desf\u0103\u0219urat\u0103 \u00een regim de consulat itinerant, cu deplas\u0103ri lunare de aproximativ dou\u0103 s\u0103pt\u0103m\u00e2ni ale \u0219efului oficiului consular de la Kiev la Odesa. P\u00e2n\u0103 \u00een prezent, au fost realizate \u0219apte astfel de misiuni consulare itinerante.<\/p>\n","protected":false},"excerpt":{"rendered":"<p>Ministerul Afacerilor Externe a anun\u021bat recent numirea unei noi conduceri pentru Consulatul General al Rom\u00e2niei la Odesa, Ucraina. Aceast\u0103 decizie vine dup\u0103 o perioad\u0103 \u00eendelungat\u0103 \u00een care activitatea oficiului consular a fost gestionat\u0103 temporar. Prin Hot\u0103r\u00e2rea de Guvern adoptat\u0103 \u00een data de 29 aprilie 2026, domnul Doru Liciu a fost desemnat consul general al Rom\u00e2niei [&hellip;]<\/p>\n","protected":false},"author":2,"featured_media":16764,"comment_status":"open","ping_status":"open","sticky":false,"template":"","format":"standard","meta":{"jnews-multi-image_gallery":[],"jnews_single_post":[],"jnews_primary_category":[],"jnews_override_counter":[],"footnotes":""},"categories":[42],"tags":[4404,19036,19037,359,3441,429,149,682],"class_list":["post-16763","post","type-post","status-publish","format-standard","has-post-thumbnail","hentry","category-politica","tag-ambasada","tag-consulat-general","tag-doru-licu","tag-ministerul-afacerilor-externe","tag-odesa","tag-relatii-internationale","tag-romania","tag-ucraina"],"_links":{"self":[{"href":"https:\/\/www.newsrecorder.ro\/app\/wp-json\/wp\/v2\/posts\/16763","targetHints":{"allow":["GET"]}}],"collection":[{"href":"https:\/\/www.newsrecorder.ro\/app\/wp-json\/wp\/v2\/posts"}],"about":[{"href":"https:\/\/www.newsrecorder.ro\/app\/wp-json\/wp\/v2\/types\/post"}],"author":[{"embeddable":true,"href":"https:\/\/www.newsrecorder.ro\/app\/wp-json\/wp\/v2\/users\/2"}],"replies":[{"embeddable":true,"href":"https:\/\/www.newsrecorder.ro\/app\/wp-json\/wp\/v2\/comments?post=16763"}],"version-history":[{"count":0,"href":"https:\/\/www.newsrecorder.ro\/app\/wp-json\/wp\/v2\/posts\/16763\/revisions"}],"wp:featuredmedia":[{"embeddable":true,"href":"https:\/\/www.newsrecorder.ro\/app\/wp-json\/wp\/v2\/media\/16764"}],"wp:attachment":[{"href":"https:\/\/www.newsrecorder.ro\/app\/wp-json\/wp\/v2\/media?parent=16763"}],"wp:term":[{"taxonomy":"category","embeddable":true,"href":"https:\/\/www.newsrecorder.ro\/app\/wp-json\/wp\/v2\/categories?post=16763"},{"taxonomy":"post_tag","embeddable":true,"href":"https:\/\/www.newsrecorder.ro\/app\/wp-json\/wp\/v2\/tags?post=16763"}],"curies":[{"name":"wp","href":"https:\/\/api.w.org\/{rel}","templated":true}]}}