{"id":16765,"date":"2026-04-30T08:38:19","date_gmt":"2026-04-30T08:38:19","guid":{"rendered":"https:\/\/www.newsrecorder.ro\/app\/2026\/04\/30\/marius-budai-ataca-dur-nu-avem-nevoie-de-un-premier-instabil\/"},"modified":"2026-04-30T08:38:19","modified_gmt":"2026-04-30T08:38:19","slug":"marius-budai-ataca-dur-nu-avem-nevoie-de-un-premier-instabil","status":"publish","type":"post","link":"https:\/\/www.newsrecorder.ro\/app\/2026\/04\/30\/marius-budai-ataca-dur-nu-avem-nevoie-de-un-premier-instabil\/","title":{"rendered":"Marius Bud\u0103i atac\u0103 dur: \u201eNu avem nevoie de un premier instabil!\u201d"},"content":{"rendered":"<p>Recent, deputatul PSD Marius Bud\u0103i a lansat un atac dur \u00eempotriva premierului Ilie Bolojan, acuz\u00e2ndu-l c\u0103 \u00ee\u0219i prioritizeaz\u0103 men\u021binerea \u00een func\u021bie \u00een loc s\u0103 abordeze problemele economice cu care se confrunt\u0103 Rom\u00e2nia, care devin tot mai acute de la o zi la alta.<\/p>\n<p>\u00centr-o postare pe Facebook, Bud\u0103i a afirmat c\u0103 premierul a g\u0103sit o \u201ea treia cale\u201d \u2013 aceea de a r\u0103m\u00e2ne \u00een func\u021bie indiferent de circumstan\u021bele externe care afecteaz\u0103 \u021bara. \u201eRom\u00e2nia se scumpe\u0219te pe zi ce trece. Facturile sufoc\u0103 familiile. Tinerii se \u00eentreab\u0103 care le va fi viitorul. P\u0103rin\u021bii \u0219i bunicii no\u0219tri aleg \u00eentre medicamente \u0219i m\u00e2ncare. Mediul de afaceri resimte presiunea pierderii puterii de cump\u0103rare a popula\u021biei. Domnul prim-ministru Bolojan? Doarme lini\u0219tit \u2013 scaunul este intact. Cu o m\u00e2n\u0103 pe scaun \u0219i cu cealalt\u0103 \u00eentins\u0103 c\u0103tre cei pe care i-a insultat ieri, domnul Ilie Bolojan ne d\u0103 o lec\u021bie memorabil\u0103 de flexibilitate moral\u0103,\u201d a scris Bud\u0103i, subliniind gravitatea situa\u021biei prin care trece Rom\u00e2nia.<\/p>\n<p>Deputatul a eviden\u021biat c\u0103 actualul guvern nu mai beneficiaz\u0103 de sprijin politic, afirm\u00e2nd c\u0103 \u201elegitimitatea este o amintire frumoas\u0103\u201d. Aceast\u0103 declara\u021bie vine \u00een contextul \u00een care PSD a retras s\u0103pt\u0103m\u00e2na trecut\u0103 sprijinul pentru premier, iar mini\u0219trii social-democra\u021bi \u0219i-au depus demisiile.<\/p>\n<p>\u201eNu conteaz\u0103 c\u0103 rom\u00e2nii se \u00eentreab\u0103 cum ajung la sf\u00e2r\u0219itul lunii. Conteaz\u0103 c\u0103 scaunul exist\u0103. \u0218i c\u0103 cineva st\u0103 pe el,\u201d a ad\u0103ugat liderul PSD, subliniind indiferen\u021ba guvernamental\u0103 fa\u021b\u0103 de problemele cet\u0103\u021benilor.<\/p>\n<p>\u00cen \u00eencheiere, Bud\u0103i a exprimat angajamentul partidului s\u0103u de a fi al\u0103turi de to\u021bi cet\u0103\u021benii rom\u00e2ni, subliniind c\u0103 \u201enicio func\u021bie guvernamental\u0103 nu valoreaz\u0103 mai mult dec\u00e2t schimbarea real\u0103 a modului \u00een care este guvernat\u0103 aceast\u0103 \u021bar\u0103\u201d.<\/p>\n<p>\u201eDomnule Bolojan, Rom\u00e2nia nu are nevoie de un prim-ministru care supravie\u021buie\u0219te de azi pe m\u00e2ine. Are nevoie de unul c\u0103ruia \u00eei pas\u0103 c\u00e2nd unui senior nu \u00eei ajung banii de p\u00e2ine. De unul care se preocup\u0103 mai mult de viitorul acestei \u021b\u0103ri dec\u00e2t de viitorul fotoliului s\u0103u,\u201d a concluzionat Marius Bud\u0103i, subliniind necesitatea unei conduceri responsabile \u0219i orientate spre binele comun.<\/p>\n","protected":false},"excerpt":{"rendered":"<p>Recent, deputatul PSD Marius Bud\u0103i a lansat un atac dur \u00eempotriva premierului Ilie Bolojan, acuz\u00e2ndu-l c\u0103 \u00ee\u0219i prioritizeaz\u0103 men\u021binerea \u00een func\u021bie \u00een loc s\u0103 abordeze problemele economice cu care se confrunt\u0103 Rom\u00e2nia, care devin tot mai acute de la o zi la alta. \u00centr-o postare pe Facebook, Bud\u0103i a afirmat c\u0103 premierul a g\u0103sit o [&hellip;]<\/p>\n","protected":false},"author":2,"featured_media":16766,"comment_status":"open","ping_status":"open","sticky":false,"template":"","format":"standard","meta":{"jnews-multi-image_gallery":[],"jnews_single_post":[],"jnews_primary_category":[],"jnews_override_counter":[],"footnotes":""},"categories":[42],"tags":[12942,2091,19038,302,2476,4276,6834,149],"class_list":["post-16765","post","type-post","status-publish","format-standard","has-post-thumbnail","hentry","category-politica","tag-atac-politic","tag-criza-economica","tag-flexibilitate-morala","tag-ilie-bolojan","tag-marius-budai","tag-mediu-de-afaceri","tag-probleme-economice","tag-romania"],"_links":{"self":[{"href":"https:\/\/www.newsrecorder.ro\/app\/wp-json\/wp\/v2\/posts\/16765","targetHints":{"allow":["GET"]}}],"collection":[{"href":"https:\/\/www.newsrecorder.ro\/app\/wp-json\/wp\/v2\/posts"}],"about":[{"href":"https:\/\/www.newsrecorder.ro\/app\/wp-json\/wp\/v2\/types\/post"}],"author":[{"embeddable":true,"href":"https:\/\/www.newsrecorder.ro\/app\/wp-json\/wp\/v2\/users\/2"}],"replies":[{"embeddable":true,"href":"https:\/\/www.newsrecorder.ro\/app\/wp-json\/wp\/v2\/comments?post=16765"}],"version-history":[{"count":0,"href":"https:\/\/www.newsrecorder.ro\/app\/wp-json\/wp\/v2\/posts\/16765\/revisions"}],"wp:featuredmedia":[{"embeddable":true,"href":"https:\/\/www.newsrecorder.ro\/app\/wp-json\/wp\/v2\/media\/16766"}],"wp:attachment":[{"href":"https:\/\/www.newsrecorder.ro\/app\/wp-json\/wp\/v2\/media?parent=16765"}],"wp:term":[{"taxonomy":"category","embeddable":true,"href":"https:\/\/www.newsrecorder.ro\/app\/wp-json\/wp\/v2\/categories?post=16765"},{"taxonomy":"post_tag","embeddable":true,"href":"https:\/\/www.newsrecorder.ro\/app\/wp-json\/wp\/v2\/tags?post=16765"}],"curies":[{"name":"wp","href":"https:\/\/api.w.org\/{rel}","templated":true}]}}