{"id":16769,"date":"2026-04-30T08:38:48","date_gmt":"2026-04-30T08:38:48","guid":{"rendered":"https:\/\/www.newsrecorder.ro\/app\/2026\/04\/30\/guvernul-adopta-astazi-legea-pensie-salariu-in-sedinta-extraordinara\/"},"modified":"2026-04-30T08:38:48","modified_gmt":"2026-04-30T08:38:48","slug":"guvernul-adopta-astazi-legea-pensie-salariu-in-sedinta-extraordinara","status":"publish","type":"post","link":"https:\/\/www.newsrecorder.ro\/app\/2026\/04\/30\/guvernul-adopta-astazi-legea-pensie-salariu-in-sedinta-extraordinara\/","title":{"rendered":"Guvernul adopt\u0103 ast\u0103zi legea pensie-salariu \u00een \u0219edin\u021b\u0103 extraordinar\u0103!"},"content":{"rendered":"<p>Guvernul Rom\u00e2niei se preg\u0103te\u0219te s\u0103 adopte, \u00een cadrul unei \u0219edin\u021be extraordinare programate pentru joi, un proiect de lege care vizeaz\u0103 reglementarea unor m\u0103suri pentru func\u021bionarii publici \u0219i personalul contractual pl\u0103tit din fonduri publice. Un aspect important al acestei legisla\u021bii este regimul cumulului pensie-salariu \u00een sectorul public.<\/p>\n<p>Purt\u0103toarea de cuv\u00e2nt a Executivului, Ioana Nadina Dogioiu, a f\u0103cut acest anun\u021b miercuri, \u00een cadrul unei conferin\u021be de pres\u0103, subliniind c\u0103 proiectul a fost ini\u021bial inclus pe ordinea de zi a \u0219edin\u021bei de miercuri, dar c\u0103 a fost necesar s\u0103 a\u0219tepte avizul din partea Consiliului Legislativ.<\/p>\n<p>\u201eAvizul va fi disponibil m\u00e2ine (joi \u2013 n.r.) diminea\u021b\u0103, \u00eentre orele 09.00 \u0219i 09.30, dup\u0103 care proiectul va fi adoptat. Este vorba doar de o mic\u0103 \u00eent\u00e2rziere\u201d, a declarat Dogioiu, oferind detalii suplimentare despre procesul legislativ.<\/p>\n<p>La finele lunii martie, premierul Ilie Bolojan a afirmat, \u00een cadrul unei interven\u021bii televizate, c\u0103 proiectul de lege referitor la cumulul pensie-salariu \u00een sectorul public este finalizat. El a men\u021bionat c\u0103 a\u0219tepta avizul Consiliului Superior al Magistraturii, care urma s\u0103 fie emis \u00een termen de 30 de zile.<\/p>\n<p>\u00cen acea interven\u021bie, premierul a explicat c\u0103 scopul acestei legi este de a determina persoanele care cumuleaz\u0103 pensia cu salariul s\u0103 renun\u021be la 85% din pensie, dac\u0103 doresc s\u0103 continue s\u0103 lucreze \u00een sectorul public, sau s\u0103 \u00ee\u0219i p\u0103r\u0103seasc\u0103 locul de munc\u0103 de la stat.<\/p>\n","protected":false},"excerpt":{"rendered":"<p>Guvernul Rom\u00e2niei se preg\u0103te\u0219te s\u0103 adopte, \u00een cadrul unei \u0219edin\u021be extraordinare programate pentru joi, un proiect de lege care vizeaz\u0103 reglementarea unor m\u0103suri pentru func\u021bionarii publici \u0219i personalul contractual pl\u0103tit din fonduri publice. Un aspect important al acestei legisla\u021bii este regimul cumulului pensie-salariu \u00een sectorul public. Purt\u0103toarea de cuv\u00e2nt a Executivului, Ioana Nadina Dogioiu, a [&hellip;]<\/p>\n","protected":false},"author":2,"featured_media":16770,"comment_status":"open","ping_status":"open","sticky":false,"template":"","format":"standard","meta":{"jnews-multi-image_gallery":[],"jnews_single_post":[],"jnews_primary_category":[],"jnews_override_counter":[],"footnotes":""},"categories":[42],"tags":[19047,19044,4889,19048,19045,540,19046,7448],"class_list":["post-16769","post","type-post","status-publish","format-standard","has-post-thumbnail","hentry","category-politica","tag-consiliul-legislativ","tag-functionari-publici","tag-guvernul-romaniei","tag-ioana-nadina-dogioiu","tag-personal-contractual","tag-proiect-de-lege","tag-regimul-cumulului-pensie-salariu","tag-sedinta-extraordinara"],"_links":{"self":[{"href":"https:\/\/www.newsrecorder.ro\/app\/wp-json\/wp\/v2\/posts\/16769","targetHints":{"allow":["GET"]}}],"collection":[{"href":"https:\/\/www.newsrecorder.ro\/app\/wp-json\/wp\/v2\/posts"}],"about":[{"href":"https:\/\/www.newsrecorder.ro\/app\/wp-json\/wp\/v2\/types\/post"}],"author":[{"embeddable":true,"href":"https:\/\/www.newsrecorder.ro\/app\/wp-json\/wp\/v2\/users\/2"}],"replies":[{"embeddable":true,"href":"https:\/\/www.newsrecorder.ro\/app\/wp-json\/wp\/v2\/comments?post=16769"}],"version-history":[{"count":0,"href":"https:\/\/www.newsrecorder.ro\/app\/wp-json\/wp\/v2\/posts\/16769\/revisions"}],"wp:featuredmedia":[{"embeddable":true,"href":"https:\/\/www.newsrecorder.ro\/app\/wp-json\/wp\/v2\/media\/16770"}],"wp:attachment":[{"href":"https:\/\/www.newsrecorder.ro\/app\/wp-json\/wp\/v2\/media?parent=16769"}],"wp:term":[{"taxonomy":"category","embeddable":true,"href":"https:\/\/www.newsrecorder.ro\/app\/wp-json\/wp\/v2\/categories?post=16769"},{"taxonomy":"post_tag","embeddable":true,"href":"https:\/\/www.newsrecorder.ro\/app\/wp-json\/wp\/v2\/tags?post=16769"}],"curies":[{"name":"wp","href":"https:\/\/api.w.org\/{rel}","templated":true}]}}