{"id":16785,"date":"2026-04-30T12:38:53","date_gmt":"2026-04-30T12:38:53","guid":{"rendered":"https:\/\/www.newsrecorder.ro\/app\/2026\/04\/30\/iranul-acuza-infrangerea-rusinoasa-a-statelor-unite\/"},"modified":"2026-04-30T12:38:53","modified_gmt":"2026-04-30T12:38:53","slug":"iranul-acuza-infrangerea-rusinoasa-a-statelor-unite","status":"publish","type":"post","link":"https:\/\/www.newsrecorder.ro\/app\/2026\/04\/30\/iranul-acuza-infrangerea-rusinoasa-a-statelor-unite\/","title":{"rendered":"Iranul acuz\u0103: \u201e\u00cenfr\u00e2ngerea ru\u0219inoas\u0103 a Statelor Unite\u201d"},"content":{"rendered":"<p>\u00centr-un moment de cotitur\u0103 pentru regiunea Golfului \u0219i Str\u00e2mtoarea Ormuz, liderul suprem al Iranului a anun\u021bat c\u0103 \u201ese deschide un nou capitol\u201d, la dou\u0103 luni dup\u0103 cea mai ampl\u0103 desf\u0103\u0219urare militar\u0103 \u0219i agresiune din istoria recent\u0103, comis\u0103 de tiranii lumii, \u0219i dup\u0103 o \u00eenfr\u00e2ngere umilitoare a Statelor Unite. Aceast\u0103 declara\u021bie a fost f\u0103cut\u0103 \u00een contextul \u00een care liderul, care a fost r\u0103nit \u00een atacuri, nu a mai fost v\u0103zut \u00een public de la numirea sa, conform informa\u021biilor furnizate de <a href=\"https:\/\/www.lefigaro.fr\/international\/en-direct-guerre-iran-moyen-orient-etats-unis-donald-trump-vladimir-poutine-israel-liban-20260430\" target=\"_blank\" rel=\"noopener\">Le Figaro<\/a>.<\/p>\n<p id=\"p-0\">Mojtaba Khamenei, noul lider suprem al Iranului, se afl\u0103 \u00een proces de recuperare dup\u0103 r\u0103nile suferite \u00een urma unui atac aerian devastator care a dus la moartea tat\u0103lui s\u0103u la \u00eenceputul conflictului. Potrivit unor surse din cercul s\u0103u apropiat, citate de Reuters, Khamenei a suferit leziuni faciale severe \u0219i a avut de-a face cu probleme semnificative la unul sau ambele picioare.<\/p>\n<p id=\"p-1\">Toate cele trei surse au confirmat c\u0103 Khamenei a fost desfigurat, ceea ce sugereaz\u0103 c\u0103 starea sa de s\u0103n\u0103tate ar putea influen\u021ba nu doar via\u021ba personal\u0103, ci \u0219i viitorul politic al Iranului \u00een aceast\u0103 perioad\u0103 tumultoas\u0103.<\/p>\n","protected":false},"excerpt":{"rendered":"<p>\u00centr-un moment de cotitur\u0103 pentru regiunea Golfului \u0219i Str\u00e2mtoarea Ormuz, liderul suprem al Iranului a anun\u021bat c\u0103 \u201ese deschide un nou capitol\u201d, la dou\u0103 luni dup\u0103 cea mai ampl\u0103 desf\u0103\u0219urare militar\u0103 \u0219i agresiune din istoria recent\u0103, comis\u0103 de tiranii lumii, \u0219i dup\u0103 o \u00eenfr\u00e2ngere umilitoare a Statelor Unite. Aceast\u0103 declara\u021bie a fost f\u0103cut\u0103 \u00een contextul [&hellip;]<\/p>\n","protected":false},"author":2,"featured_media":16786,"comment_status":"open","ping_status":"open","sticky":false,"template":"","format":"standard","meta":{"jnews-multi-image_gallery":[],"jnews_single_post":[],"jnews_primary_category":[],"jnews_override_counter":[],"footnotes":""},"categories":[39],"tags":[10004,684,19072,3462,913,8719,10196,8772],"class_list":["post-16785","post","type-post","status-publish","format-standard","has-post-thumbnail","hentry","category-stirile-zilei","tag-agresiune-militara","tag-conflict","tag-cotitura-politica","tag-irak","tag-iran","tag-lider-suprem","tag-mojtabah-khamenei","tag-stramtoarea-ormuz"],"_links":{"self":[{"href":"https:\/\/www.newsrecorder.ro\/app\/wp-json\/wp\/v2\/posts\/16785","targetHints":{"allow":["GET"]}}],"collection":[{"href":"https:\/\/www.newsrecorder.ro\/app\/wp-json\/wp\/v2\/posts"}],"about":[{"href":"https:\/\/www.newsrecorder.ro\/app\/wp-json\/wp\/v2\/types\/post"}],"author":[{"embeddable":true,"href":"https:\/\/www.newsrecorder.ro\/app\/wp-json\/wp\/v2\/users\/2"}],"replies":[{"embeddable":true,"href":"https:\/\/www.newsrecorder.ro\/app\/wp-json\/wp\/v2\/comments?post=16785"}],"version-history":[{"count":0,"href":"https:\/\/www.newsrecorder.ro\/app\/wp-json\/wp\/v2\/posts\/16785\/revisions"}],"wp:featuredmedia":[{"embeddable":true,"href":"https:\/\/www.newsrecorder.ro\/app\/wp-json\/wp\/v2\/media\/16786"}],"wp:attachment":[{"href":"https:\/\/www.newsrecorder.ro\/app\/wp-json\/wp\/v2\/media?parent=16785"}],"wp:term":[{"taxonomy":"category","embeddable":true,"href":"https:\/\/www.newsrecorder.ro\/app\/wp-json\/wp\/v2\/categories?post=16785"},{"taxonomy":"post_tag","embeddable":true,"href":"https:\/\/www.newsrecorder.ro\/app\/wp-json\/wp\/v2\/tags?post=16785"}],"curies":[{"name":"wp","href":"https:\/\/api.w.org\/{rel}","templated":true}]}}