{"id":16787,"date":"2026-04-30T12:39:06","date_gmt":"2026-04-30T12:39:06","guid":{"rendered":"https:\/\/www.newsrecorder.ro\/app\/2026\/04\/30\/dragos-pislaru-dezvaluie-mica-recalculare-a-pensiilor-provocari-majore\/"},"modified":"2026-04-30T12:39:06","modified_gmt":"2026-04-30T12:39:06","slug":"dragos-pislaru-dezvaluie-mica-recalculare-a-pensiilor-provocari-majore","status":"publish","type":"post","link":"https:\/\/www.newsrecorder.ro\/app\/2026\/04\/30\/dragos-pislaru-dezvaluie-mica-recalculare-a-pensiilor-provocari-majore\/","title":{"rendered":"Drago\u0219 P\u00eeslaru dezv\u0103luie: \u201eMica recalculare\u201d a pensiilor, provoc\u0103ri majore!"},"content":{"rendered":"<p>\u00cen cadrul briefingului de pres\u0103 de joi, desf\u0103\u0219urat la finalul unei \u0219edin\u021be extraordinare a Guvernului, Drago\u0219 P\u00eeslaru a fost \u00eentrebat despre evolu\u021bia procesului de recalculare a pensiilor, \u00een contextul prelu\u0103rii interimate a Ministerului Muncii.<\/p>\n<p>P\u00eeslaru a confirmat c\u0103 procesul de recalculare a pensiilor este \u00een plin\u0103 desf\u0103\u0219urare. Acesta a avut o \u00eent\u00e2lnire cu conducerea ministerului \u0219i cu pre\u0219edintele Casei Na\u021bionale de Pensii, ocazie cu care a fost discutat acest subiect important.<\/p>\n<p>\u201e\u00cen a doua zi de mandat, am avut o \u0219edin\u021b\u0103 de colegiu cu toat\u0103 conducerea ministerului, inclusiv cu pre\u0219edintele Casei de Pensii, care mi-a confirmat c\u0103 a\u0219a numita &#8216;mic\u0103 recalculare&#8217; este \u00een continuare \u00een lucru,\u201d a declarat P\u00eeslaru.<\/p>\n<p>Ministrul interimar al Muncii a men\u021bionat c\u0103 procesul se confrunt\u0103 cu dificult\u0103\u021bi din cauza complexit\u0103\u021bii cadrului legislativ actual. \u201eExist\u0103 cu adev\u0103rat multe aspecte generate de confuzia \u00een legiferarea consecutiv\u0103 \u00een acest domeniu,\u201d a explicat el.<\/p>\n<p>\u00cen plus, P\u00eeslaru a subliniat importan\u021ba monitoriz\u0103rii constante a situa\u021biei, anun\u021b\u00e2nd c\u0103 vor fi organizate \u0219edin\u021be s\u0103pt\u0103m\u00e2nale pentru a urm\u0103ri progresul. El a promis c\u0103 va furniza informa\u021bii suplimentare pe m\u0103sur\u0103 ce va ob\u021bine clarific\u0103ri.<\/p>\n<p>\u201eAm stabilit c\u0103 vom avea \u0219edin\u021be s\u0103pt\u0103m\u00e2nale \u0219i sper s\u0103 pot oferi mai multe detalii odat\u0103 ce aceste aspecte \u00eemi vor fi clarificate,\u201d a concluzionat ministrul interimar al Muncii.<\/p>\n","protected":false},"excerpt":{"rendered":"<p>\u00cen cadrul briefingului de pres\u0103 de joi, desf\u0103\u0219urat la finalul unei \u0219edin\u021be extraordinare a Guvernului, Drago\u0219 P\u00eeslaru a fost \u00eentrebat despre evolu\u021bia procesului de recalculare a pensiilor, \u00een contextul prelu\u0103rii interimate a Ministerului Muncii. P\u00eeslaru a confirmat c\u0103 procesul de recalculare a pensiilor este \u00een plin\u0103 desf\u0103\u0219urare. Acesta a avut o \u00eent\u00e2lnire cu conducerea ministerului [&hellip;]<\/p>\n","protected":false},"author":2,"featured_media":16788,"comment_status":"open","ping_status":"open","sticky":false,"template":"","format":"standard","meta":{"jnews-multi-image_gallery":[],"jnews_single_post":[],"jnews_primary_category":[],"jnews_override_counter":[],"footnotes":""},"categories":[39],"tags":[16552,7027,4205,301,532,538,4084,19073],"class_list":["post-16787","post","type-post","status-publish","format-standard","has-post-thumbnail","hentry","category-stirile-zilei","tag-casa-nationala-de-pensii","tag-dificultati","tag-dragos-pislaru","tag-guvern","tag-legislatie","tag-ministerul-muncii","tag-pensii","tag-recalculare"],"_links":{"self":[{"href":"https:\/\/www.newsrecorder.ro\/app\/wp-json\/wp\/v2\/posts\/16787","targetHints":{"allow":["GET"]}}],"collection":[{"href":"https:\/\/www.newsrecorder.ro\/app\/wp-json\/wp\/v2\/posts"}],"about":[{"href":"https:\/\/www.newsrecorder.ro\/app\/wp-json\/wp\/v2\/types\/post"}],"author":[{"embeddable":true,"href":"https:\/\/www.newsrecorder.ro\/app\/wp-json\/wp\/v2\/users\/2"}],"replies":[{"embeddable":true,"href":"https:\/\/www.newsrecorder.ro\/app\/wp-json\/wp\/v2\/comments?post=16787"}],"version-history":[{"count":0,"href":"https:\/\/www.newsrecorder.ro\/app\/wp-json\/wp\/v2\/posts\/16787\/revisions"}],"wp:featuredmedia":[{"embeddable":true,"href":"https:\/\/www.newsrecorder.ro\/app\/wp-json\/wp\/v2\/media\/16788"}],"wp:attachment":[{"href":"https:\/\/www.newsrecorder.ro\/app\/wp-json\/wp\/v2\/media?parent=16787"}],"wp:term":[{"taxonomy":"category","embeddable":true,"href":"https:\/\/www.newsrecorder.ro\/app\/wp-json\/wp\/v2\/categories?post=16787"},{"taxonomy":"post_tag","embeddable":true,"href":"https:\/\/www.newsrecorder.ro\/app\/wp-json\/wp\/v2\/tags?post=16787"}],"curies":[{"name":"wp","href":"https:\/\/api.w.org\/{rel}","templated":true}]}}