{"id":16791,"date":"2026-04-30T12:39:38","date_gmt":"2026-04-30T12:39:38","guid":{"rendered":"https:\/\/www.newsrecorder.ro\/app\/2026\/04\/30\/criza-politica-ameninta-pensiile-si-salariile-afla-ce-spune-ministrul\/"},"modified":"2026-04-30T12:39:38","modified_gmt":"2026-04-30T12:39:38","slug":"criza-politica-ameninta-pensiile-si-salariile-afla-ce-spune-ministrul","status":"publish","type":"post","link":"https:\/\/www.newsrecorder.ro\/app\/2026\/04\/30\/criza-politica-ameninta-pensiile-si-salariile-afla-ce-spune-ministrul\/","title":{"rendered":"Criza politic\u0103 amenin\u021b\u0103 pensiile \u0219i salariile! Afl\u0103 ce spune ministrul!"},"content":{"rendered":"<p>Ministrul interimar al Muncii, Drago\u0219 P\u00eeslaru, a oferit r\u0103spunsuri jurnali\u0219tilor, joi, la finalul unei \u0219edin\u021be extraordinare de Guvern, unde a fost adoptat proiectul de lege ce interzice cumularea pensiei cu salariul \u00een sectorul public.<\/p>\n<p>C\u00e2nd a fost \u00eentrebat despre impactul crizei politice actuale, provocate de demisia mini\u0219trilor social-democra\u021bi \u0219i depunerea mo\u021biunii de cenzur\u0103 \u00eempotriva Guvernului de c\u0103tre PSD \u0219i AUR, ministrul a exclus posibilitatea ca aceasta s\u0103 afecteze plata pensiilor \u0219i a salariilor \u00een perioada urm\u0103toare.<\/p>\n<p>\u201e\u00cen calitate de ministru interimar al muncii \u0219i reprezentant al guvernului, vreau s\u0103 subliniez clar c\u0103 exist\u0103 resurse suficiente pentru a asigura plata salariilor. \u00cen ceea ce prive\u0219te pensiile, nu exist\u0103 niciun risc \u00een ceea ce prive\u0219te efectuarea acestor pl\u0103\u021bi. Asigur rom\u00e2nii c\u0103 acest guvern continu\u0103 s\u0103 lucreze pentru a men\u021bine stabilitatea. Cet\u0103\u021benii nu au motive de \u00eengrijorare \u0219i pot sta lini\u0219ti\u021bi, deoarece statul \u00ee\u0219i va continua activitatea\u201d, a declarat P\u00eeslaru.<\/p>\n<p>Referitor la o posibil\u0103 indexare a pensiilor, ministrul a evitat s\u0103 ofere un angajament clar, subliniind c\u0103 decizia va depinde de \u201espa\u021biul fiscal de care dispune guvernul\u201d.<\/p>\n<p>\u201eConsider c\u0103 discu\u021biile \u00een aceast\u0103 privin\u021b\u0103 trebuie s\u0103 fie adaptate la spa\u021biul fiscal pe care \u00eel avem. Ce ar putea provoca mo\u021biunea de cenzur\u0103 este blocarea activit\u0103\u021bii guvernamentale. Aceasta ar putea avea consecin\u021be economice semnificative \u0219i ar putea afecta fluxuri financiare importante, \u00een special cele nerambursabile din Uniunea European\u0103. Orice problem\u0103 legat\u0103 de indexarea pensiilor sau starea finan\u021belor publice ar fi direct rezultatul ac\u021biunilor celor care au ini\u021biat mo\u021biunea de cenzur\u0103\u201d, a ad\u0103ugat ministrul interimar.<\/p>\n","protected":false},"excerpt":{"rendered":"<p>Ministrul interimar al Muncii, Drago\u0219 P\u00eeslaru, a oferit r\u0103spunsuri jurnali\u0219tilor, joi, la finalul unei \u0219edin\u021be extraordinare de Guvern, unde a fost adoptat proiectul de lege ce interzice cumularea pensiei cu salariul \u00een sectorul public. C\u00e2nd a fost \u00eentrebat despre impactul crizei politice actuale, provocate de demisia mini\u0219trilor social-democra\u021bi \u0219i depunerea mo\u021biunii de cenzur\u0103 \u00eempotriva Guvernului [&hellip;]<\/p>\n","protected":false},"author":2,"featured_media":16792,"comment_status":"open","ping_status":"open","sticky":false,"template":"","format":"standard","meta":{"jnews-multi-image_gallery":[],"jnews_single_post":[],"jnews_primary_category":[],"jnews_override_counter":[],"footnotes":""},"categories":[39],"tags":[1916,4576,4205,301,3049,4084,300,2978],"class_list":["post-16791","post","type-post","status-publish","format-standard","has-post-thumbnail","hentry","category-stirile-zilei","tag-aur","tag-criza-politica","tag-dragos-pislaru","tag-guvern","tag-munca","tag-pensii","tag-psd","tag-salarii"],"_links":{"self":[{"href":"https:\/\/www.newsrecorder.ro\/app\/wp-json\/wp\/v2\/posts\/16791","targetHints":{"allow":["GET"]}}],"collection":[{"href":"https:\/\/www.newsrecorder.ro\/app\/wp-json\/wp\/v2\/posts"}],"about":[{"href":"https:\/\/www.newsrecorder.ro\/app\/wp-json\/wp\/v2\/types\/post"}],"author":[{"embeddable":true,"href":"https:\/\/www.newsrecorder.ro\/app\/wp-json\/wp\/v2\/users\/2"}],"replies":[{"embeddable":true,"href":"https:\/\/www.newsrecorder.ro\/app\/wp-json\/wp\/v2\/comments?post=16791"}],"version-history":[{"count":0,"href":"https:\/\/www.newsrecorder.ro\/app\/wp-json\/wp\/v2\/posts\/16791\/revisions"}],"wp:featuredmedia":[{"embeddable":true,"href":"https:\/\/www.newsrecorder.ro\/app\/wp-json\/wp\/v2\/media\/16792"}],"wp:attachment":[{"href":"https:\/\/www.newsrecorder.ro\/app\/wp-json\/wp\/v2\/media?parent=16791"}],"wp:term":[{"taxonomy":"category","embeddable":true,"href":"https:\/\/www.newsrecorder.ro\/app\/wp-json\/wp\/v2\/categories?post=16791"},{"taxonomy":"post_tag","embeddable":true,"href":"https:\/\/www.newsrecorder.ro\/app\/wp-json\/wp\/v2\/tags?post=16791"}],"curies":[{"name":"wp","href":"https:\/\/api.w.org\/{rel}","templated":true}]}}