{"id":16821,"date":"2026-04-30T16:08:08","date_gmt":"2026-04-30T16:08:08","guid":{"rendered":"https:\/\/www.newsrecorder.ro\/app\/2026\/04\/30\/soc-la-madrid-open-casper-ruud-favorit-eliminat-de-alex-blockx\/"},"modified":"2026-04-30T16:08:08","modified_gmt":"2026-04-30T16:08:08","slug":"soc-la-madrid-open-casper-ruud-favorit-eliminat-de-alex-blockx","status":"publish","type":"post","link":"https:\/\/www.newsrecorder.ro\/app\/2026\/04\/30\/soc-la-madrid-open-casper-ruud-favorit-eliminat-de-alex-blockx\/","title":{"rendered":"\u0218oc la Madrid Open: Casper Ruud, favorit, eliminat de Alex Blockx!"},"content":{"rendered":"<p>La doar 21 de ani, Alexander Blockx a reu\u0219it s\u0103 impresioneze pe terenul de tenis, \u00eenving\u00e2ndu-l pe cel de-al 12-lea favorit al turneului \u00eentr-un meci str\u00e2ns, \u00eencheiat cu scorul de 6-4, 6-4. Duelul s-a desf\u0103\u0219urat pe parcursul a 96 de minute, timp \u00een care belgianul a demonstrat o form\u0103 remarcabil\u0103.<\/p>\n<p>Clasat pe locul 69 \u00een ierarhia ATP, Blockx a ar\u0103tat o st\u0103p\u00e2nire excelent\u0103 a jocului s\u0103u, confirm\u00e2nd astfel evolu\u021bia sa pozitiv\u0103 din aceast\u0103 prim\u0103var\u0103. P\u00e2n\u0103 la turneul Masters 1000 de la Monte Carlo, juc\u0103torul nu reu\u0219ise s\u0103 ob\u021bin\u0103 nicio victorie pe zgur\u0103 \u00een circuitul ATP.<\/p>\n<p>\u00cen cadrul turneului de la Monte Carlo, desf\u0103\u0219urat acum trei s\u0103pt\u0103m\u00e2ni, Blockx a reu\u0219it s\u0103 ajung\u0103 p\u00e2n\u0103 \u00een turul al treilea, ceea ce i-a dat un impuls \u00een cariera sa. Dup\u0103 meciul recent, el a declarat: \u201eSincer, sunt doar fericit c\u0103 sunt aici. Chiar \u0219i dup\u0103 prima victorie de la Madrid eram deja mul\u021bumit. Semifinalele reprezint\u0103 \u00eens\u0103 ceva la care nici nu visam la \u00eenceput.\u201d<\/p>\n<p>\u00cen c\u0103utarea unui loc \u00een final\u0103, belgianul va da piept cu c\u00e2\u0219tig\u0103torul partidei dintre germanul Alexander Zverev, favorit num\u0103rul doi \u0219i dublu campion la Madrid, \u0219i italianul Flavio Cobolli, cap de serie num\u0103rul 10. Aceast\u0103 confruntare promite a fi una interesant\u0103, av\u00e2nd \u00een vedere nivelul ridicat al juc\u0103torilor implica\u021bi.<\/p>\n","protected":false},"excerpt":{"rendered":"<p>La doar 21 de ani, Alexander Blockx a reu\u0219it s\u0103 impresioneze pe terenul de tenis, \u00eenving\u00e2ndu-l pe cel de-al 12-lea favorit al turneului \u00eentr-un meci str\u00e2ns, \u00eencheiat cu scorul de 6-4, 6-4. Duelul s-a desf\u0103\u0219urat pe parcursul a 96 de minute, timp \u00een care belgianul a demonstrat o form\u0103 remarcabil\u0103. Clasat pe locul 69 \u00een [&hellip;]<\/p>\n","protected":false},"author":6,"featured_media":16822,"comment_status":"open","ping_status":"open","sticky":false,"template":"","format":"standard","meta":{"jnews-multi-image_gallery":[],"jnews_single_post":[],"jnews_primary_category":[],"jnews_override_counter":[],"footnotes":""},"categories":[46],"tags":[19100,9466,13833,14844,1109,69,1251,64],"class_list":["post-16821","post","type-post","status-publish","format-standard","has-post-thumbnail","hentry","category-sport","tag-alexander-blockx","tag-atp","tag-masters-1000","tag-monte-carlo","tag-semifinale","tag-tenis","tag-turneu","tag-victorie"],"_links":{"self":[{"href":"https:\/\/www.newsrecorder.ro\/app\/wp-json\/wp\/v2\/posts\/16821","targetHints":{"allow":["GET"]}}],"collection":[{"href":"https:\/\/www.newsrecorder.ro\/app\/wp-json\/wp\/v2\/posts"}],"about":[{"href":"https:\/\/www.newsrecorder.ro\/app\/wp-json\/wp\/v2\/types\/post"}],"author":[{"embeddable":true,"href":"https:\/\/www.newsrecorder.ro\/app\/wp-json\/wp\/v2\/users\/6"}],"replies":[{"embeddable":true,"href":"https:\/\/www.newsrecorder.ro\/app\/wp-json\/wp\/v2\/comments?post=16821"}],"version-history":[{"count":0,"href":"https:\/\/www.newsrecorder.ro\/app\/wp-json\/wp\/v2\/posts\/16821\/revisions"}],"wp:featuredmedia":[{"embeddable":true,"href":"https:\/\/www.newsrecorder.ro\/app\/wp-json\/wp\/v2\/media\/16822"}],"wp:attachment":[{"href":"https:\/\/www.newsrecorder.ro\/app\/wp-json\/wp\/v2\/media?parent=16821"}],"wp:term":[{"taxonomy":"category","embeddable":true,"href":"https:\/\/www.newsrecorder.ro\/app\/wp-json\/wp\/v2\/categories?post=16821"},{"taxonomy":"post_tag","embeddable":true,"href":"https:\/\/www.newsrecorder.ro\/app\/wp-json\/wp\/v2\/tags?post=16821"}],"curies":[{"name":"wp","href":"https:\/\/api.w.org\/{rel}","templated":true}]}}