{"id":16829,"date":"2026-04-30T17:43:56","date_gmt":"2026-04-30T17:43:56","guid":{"rendered":"https:\/\/www.newsrecorder.ro\/app\/2026\/04\/30\/bce-pastreaza-dobanda-stabila-dar-pregateste-o-posibila-majorare\/"},"modified":"2026-04-30T17:43:56","modified_gmt":"2026-04-30T17:43:56","slug":"bce-pastreaza-dobanda-stabila-dar-pregateste-o-posibila-majorare","status":"publish","type":"post","link":"https:\/\/www.newsrecorder.ro\/app\/2026\/04\/30\/bce-pastreaza-dobanda-stabila-dar-pregateste-o-posibila-majorare\/","title":{"rendered":"BCE p\u0103streaz\u0103 dob\u00e2nda stabil\u0103, dar preg\u0103te\u0219te o posibil\u0103 majorare!"},"content":{"rendered":"<p>\u00cen s\u0103pt\u0103m\u00e2na trecut\u0103, economistul-\u0219ef al B\u0103ncii Centrale Europene (BCE), Philip Lane, a subliniat o abordare de tip \u201ea\u0219teapt\u0103 \u0219i vezi\u201d, subliniind c\u0103 este prea devreme pentru a determina dac\u0103 Europa se confrunt\u0103 cu un \u0219oc temporar sau unul mai persistent. Aceast\u0103 situa\u021bie ar putea necesita interven\u021bia b\u0103ncii centrale, conform unui articol publicat de <a href=\"https:\/\/www.politico.eu\/article\/eu-ecb-holds-rates-but-keeps-june-hike-play-as-war-drags-on\/\" target=\"_blank\" rel=\"noopener\">Politico<\/a>.<\/p>\n<p>BCE a l\u0103sat deschis\u0103 posibilitatea unei cre\u0219teri a dob\u00e2nzii \u00een cadrul \u0219edin\u021bei programate pentru luna iunie, dup\u0103 ce infla\u021bia a crescut la 3% \u00een aprilie, \u00een urma unei perioade \u00eendelungate \u00een care s-a men\u021binut \u00een jurul \u021bintei de 2%, stabilit\u0103 de banc\u0103, \u00eenainte de izbucnirea r\u0103zboiului.<\/p>\n<p>\u201eConsiliul guvernatorilor nu se angajeaz\u0103 \u00een prealabil pe o anumit\u0103 traiectorie a ratelor\u201d, a precizat BCE \u00eentr-un comunicat, subliniind c\u0103 \u201eriscurile de cre\u0219tere a infla\u021biei \u0219i riscurile de sc\u0103dere a cre\u0219terii economice s-au intensificat\u201d.<\/p>\n<p>\u00cen contextul continu\u0103rii r\u0103zboiului, BCE a eviden\u021biat c\u0103 efectele acestuia asupra infla\u021biei pe termen mediu \u0219i asupra activit\u0103\u021bii economice vor depinde de intensitatea \u0219i durata \u0219ocului pre\u021burilor la energie, precum \u0219i de amploarea efectelor indirecte \u0219i de runda a doua.<\/p>\n<p>\u201eCu c\u00e2t r\u0103zboiul dureaz\u0103 mai mult \u0219i cu c\u00e2t pre\u021burile energiei r\u0103m\u00e2n ridicate pentru o perioad\u0103 mai lung\u0103, cu at\u00e2t impactul asupra infla\u021biei generale \u0219i asupra economiei va fi mai puternic\u201d, a afirmat BCE.<\/p>\n<p>Institu\u021bia a remarcat, de asemenea, c\u0103 a\u0219tept\u0103rile privind infla\u021bia pe termen lung r\u0103m\u00e2n bine ancorate, \u00een ciuda unei cre\u0219teri semnificative pe termen scurt.<\/p>\n<p>Pia\u021ba financiar\u0103 s-a concentrat pe aceste a\u0219tept\u0103ri infla\u021bioniste pe termen scurt, devenind din ce \u00een ce mai convins\u0103 c\u0103 BCE va ac\u021biona cur\u00e2nd pentru a tempera infla\u021bia. Pe l\u00e2ng\u0103 posibila majorare din iunie, c\u00e2nd se a\u0219teapt\u0103 noi prognoze privind cre\u0219terea \u0219i infla\u021bia, pie\u021bele anticipeaz\u0103 \u00eenc\u0103 dou\u0103 cre\u0219teri de dob\u00e2nd\u0103 p\u00e2n\u0103 la sf\u00e2r\u0219itul anului, cu o majorare \u00een plus fa\u021b\u0103 de estim\u0103rile de acum o s\u0103pt\u0103m\u00e2n\u0103.<\/p>\n<p>Cu toate acestea, nu to\u021bi exper\u021bii sunt de aceea\u0219i p\u0103rere. Economi\u0219tii avertizeaz\u0103 c\u0103 deteriorarea perspectivei de cre\u0219tere economic\u0103, dup\u0103 o expansiune de doar 0,1% \u00een primul trimestru, complic\u0103 decizia de \u00een\u0103sprire a politicii monetare \u0219i ar putea \u00eempinge zona euro spre recesiune.<\/p>\n<p>Toate privirile sunt acum \u00eendreptate c\u0103tre pre\u0219edinta BCE, Christine Lagarde, a c\u0103rei conferin\u021b\u0103 de pres\u0103 va fi atent analizat\u0103 pentru a identifica semnalele privind sus\u021binerea sau contrazicerea a\u0219tept\u0103rilor pie\u021bei, av\u00e2nd \u00een vedere riscurile pentru cre\u0219terea economic\u0103.<\/p>\n","protected":false},"excerpt":{"rendered":"<p>\u00cen s\u0103pt\u0103m\u00e2na trecut\u0103, economistul-\u0219ef al B\u0103ncii Centrale Europene (BCE), Philip Lane, a subliniat o abordare de tip \u201ea\u0219teapt\u0103 \u0219i vezi\u201d, subliniind c\u0103 este prea devreme pentru a determina dac\u0103 Europa se confrunt\u0103 cu un \u0219oc temporar sau unul mai persistent. Aceast\u0103 situa\u021bie ar putea necesita interven\u021bia b\u0103ncii centrale, conform unui articol publicat de Politico. BCE [&hellip;]<\/p>\n","protected":false},"author":4,"featured_media":16830,"comment_status":"open","ping_status":"open","sticky":false,"template":"","format":"standard","meta":{"jnews-multi-image_gallery":[],"jnews_single_post":[],"jnews_primary_category":[],"jnews_override_counter":[],"footnotes":""},"categories":[40],"tags":[6617,6371,780,778,19111,19112,915,1696],"class_list":["post-16829","post","type-post","status-publish","format-standard","has-post-thumbnail","hentry","category-econonie","tag-bce","tag-dobanda","tag-economie","tag-inflatie","tag-philip-lane","tag-politicile-monetare","tag-razboi","tag-riscuri"],"_links":{"self":[{"href":"https:\/\/www.newsrecorder.ro\/app\/wp-json\/wp\/v2\/posts\/16829","targetHints":{"allow":["GET"]}}],"collection":[{"href":"https:\/\/www.newsrecorder.ro\/app\/wp-json\/wp\/v2\/posts"}],"about":[{"href":"https:\/\/www.newsrecorder.ro\/app\/wp-json\/wp\/v2\/types\/post"}],"author":[{"embeddable":true,"href":"https:\/\/www.newsrecorder.ro\/app\/wp-json\/wp\/v2\/users\/4"}],"replies":[{"embeddable":true,"href":"https:\/\/www.newsrecorder.ro\/app\/wp-json\/wp\/v2\/comments?post=16829"}],"version-history":[{"count":0,"href":"https:\/\/www.newsrecorder.ro\/app\/wp-json\/wp\/v2\/posts\/16829\/revisions"}],"wp:featuredmedia":[{"embeddable":true,"href":"https:\/\/www.newsrecorder.ro\/app\/wp-json\/wp\/v2\/media\/16830"}],"wp:attachment":[{"href":"https:\/\/www.newsrecorder.ro\/app\/wp-json\/wp\/v2\/media?parent=16829"}],"wp:term":[{"taxonomy":"category","embeddable":true,"href":"https:\/\/www.newsrecorder.ro\/app\/wp-json\/wp\/v2\/categories?post=16829"},{"taxonomy":"post_tag","embeddable":true,"href":"https:\/\/www.newsrecorder.ro\/app\/wp-json\/wp\/v2\/tags?post=16829"}],"curies":[{"name":"wp","href":"https:\/\/api.w.org\/{rel}","templated":true}]}}