{"id":16831,"date":"2026-04-30T17:44:15","date_gmt":"2026-04-30T17:44:15","guid":{"rendered":"https:\/\/www.newsrecorder.ro\/app\/2026\/04\/30\/comisia-europeana-masuri-urgente-pentru-a-proteja-gospodariile-vulnerabile\/"},"modified":"2026-04-30T17:44:15","modified_gmt":"2026-04-30T17:44:15","slug":"comisia-europeana-masuri-urgente-pentru-a-proteja-gospodariile-vulnerabile","status":"publish","type":"post","link":"https:\/\/www.newsrecorder.ro\/app\/2026\/04\/30\/comisia-europeana-masuri-urgente-pentru-a-proteja-gospodariile-vulnerabile\/","title":{"rendered":"Comisia European\u0103: M\u0103suri urgente pentru a proteja gospod\u0103riile vulnerabile!"},"content":{"rendered":"<p>\u00cen data de joi, Comisia European\u0103 a publicat un nou set de recomand\u0103ri destinate s\u0103 protejeze gospod\u0103riile vulnerabile \u00eempotriva debran\u0219\u0103rilor de la alimentarea cu energie. Aceste sugestii au rolul de a ajuta consumatorii s\u0103 \u00ee\u0219i gestioneze mai bine contractele de aprovizionare cu energie \u0219i s\u0103 contribuie activ la tranzi\u021bia c\u0103tre o energie curat\u0103 prin produc\u021bia \u0219i partajarea acesteia, conform informa\u021biilor transmise de reprezentan\u021bii Executivului comunitar.<\/p>\n<p>Aceste recomand\u0103ri sunt parte integrant\u0103 a pachetului de <a href=\"https:\/\/ec.europa.eu\/commission\/presscorner\/detail\/ro\/ip_26_555\" target=\"_blank\" rel=\"noopener\">m\u0103suri privind energia pentru cet\u0103\u021beni<\/a> \u0219i al comunic\u0103rii AccelerateEU, adoptate recent de Comisie pentru a aborda criza actual\u0103 a energiei din surse fosile.<\/p>\n<p>\u201eEuropa trebuie s\u0103 \u00ee\u0219i consolideze rezilien\u021ba energetic\u0103\u201d, subliniaz\u0103 sursa citat\u0103. Crearea unui sistem energetic mai incluziv, mai rezilient \u0219i mai sustenabil este esen\u021bial\u0103 pentru atingerea independen\u021bei energetice a Europei. Recomand\u0103rile din acest set vizeaz\u0103 oferirea de op\u021biuni consumatorilor europeni, facilit\u00e2nd alegeri informate \u00een privin\u021ba aprovizion\u0103rii cu energie \u0219i prevenind debran\u0219\u0103rile, precum \u0219i consecin\u021bele falimentului furnizorilor. De asemenea, se urm\u0103re\u0219te sprijinirea statelor membre \u00een promovarea dezvolt\u0103rii rapide a comunit\u0103\u021bilor energetice \u0219i a formelor de autoconsum \u0219i partajare a energiei, care contribuie la o <a href=\"https:\/\/www.mediafax.ro\/externe\/strategia-ue-pentru-orientul-mijlociu-si-securitatea-energetica-pe-agenda-parlamentului-european-saptamana-aceasta-23727018\">energie mai curat\u0103<\/a> \u0219i la reducerea pre\u021burilor.<\/p>\n<p>\u201eConflictul din Orientul Mijlociu \u0219i impactul s\u0103u asupra pre\u021burilor la energie pun \u00een eviden\u021b\u0103 volatilitatea pie\u021belor mondiale ale energiei \u0219i urgen\u021ba cu care Europa trebuie s\u0103 \u00ee\u0219i consolideze rezilien\u021ba energetic\u0103. Acesta trebuie s\u0103 fie momentul \u00een care acceler\u0103m tranzi\u021bia c\u0103tre un sistem energetic mai sustenabil, mai sigur \u0219i mai orientat spre consumatori. \u00centr-un context \u00een care cre\u0219terea costurilor energiei este o preocupare real\u0103 pentru cet\u0103\u021benii UE, acest pachet transform\u0103 ambi\u021bia politic\u0103 \u00een beneficii concrete pentru gospod\u0103rii, comunit\u0103\u021bi \u0219i \u00eentreprinderi mici din \u00eentreaga Europ\u0103. Este esen\u021bial s\u0103 protej\u0103m gospod\u0103riile vulnerabile de debran\u0219\u0103rile de energie \u0219i s\u0103 ajut\u0103m to\u021bi consumatorii s\u0103 \u00ee\u0219i gestioneze mai eficient contractele de aprovizionare, particip\u00e2nd activ la tranzi\u021bie\u201d, a declarat Dan J\u00f8rgensen, comisarul pentru energie \u0219i locuin\u021be.<\/p>\n<p>\u00cen final, oficialii europeni au men\u021bionat c\u0103 Comisia va colabora str\u00e2ns cu statele membre \u0219i cu p\u0103r\u021bile interesate pentru a se asigura c\u0103 aceste recomand\u0103ri sunt implementate eficient, oferind asisten\u021b\u0103 tehnic\u0103 \u0219i monitoriz\u00e2nd progresul \u00een aceast\u0103 direc\u021bie.<\/p>\n","protected":false},"excerpt":{"rendered":"<p>\u00cen data de joi, Comisia European\u0103 a publicat un nou set de recomand\u0103ri destinate s\u0103 protejeze gospod\u0103riile vulnerabile \u00eempotriva debran\u0219\u0103rilor de la alimentarea cu energie. Aceste sugestii au rolul de a ajuta consumatorii s\u0103 \u00ee\u0219i gestioneze mai bine contractele de aprovizionare cu energie \u0219i s\u0103 contribuie activ la tranzi\u021bia c\u0103tre o energie curat\u0103 prin produc\u021bia [&hellip;]<\/p>\n","protected":false},"author":4,"featured_media":16832,"comment_status":"open","ping_status":"open","sticky":false,"template":"","format":"standard","meta":{"jnews-multi-image_gallery":[],"jnews_single_post":[],"jnews_primary_category":[],"jnews_override_counter":[],"footnotes":""},"categories":[40],"tags":[499,531,19114,10400,19113,1939,19115,5460],"class_list":["post-16831","post","type-post","status-publish","format-standard","has-post-thumbnail","hentry","category-econonie","tag-comisia-europeana","tag-consumatori","tag-debransari-energie","tag-energie-curata","tag-gospodarii-vulnerabile","tag-independenta-energetica","tag-masuri-energie","tag-tranzitie-energetica"],"_links":{"self":[{"href":"https:\/\/www.newsrecorder.ro\/app\/wp-json\/wp\/v2\/posts\/16831","targetHints":{"allow":["GET"]}}],"collection":[{"href":"https:\/\/www.newsrecorder.ro\/app\/wp-json\/wp\/v2\/posts"}],"about":[{"href":"https:\/\/www.newsrecorder.ro\/app\/wp-json\/wp\/v2\/types\/post"}],"author":[{"embeddable":true,"href":"https:\/\/www.newsrecorder.ro\/app\/wp-json\/wp\/v2\/users\/4"}],"replies":[{"embeddable":true,"href":"https:\/\/www.newsrecorder.ro\/app\/wp-json\/wp\/v2\/comments?post=16831"}],"version-history":[{"count":0,"href":"https:\/\/www.newsrecorder.ro\/app\/wp-json\/wp\/v2\/posts\/16831\/revisions"}],"wp:featuredmedia":[{"embeddable":true,"href":"https:\/\/www.newsrecorder.ro\/app\/wp-json\/wp\/v2\/media\/16832"}],"wp:attachment":[{"href":"https:\/\/www.newsrecorder.ro\/app\/wp-json\/wp\/v2\/media?parent=16831"}],"wp:term":[{"taxonomy":"category","embeddable":true,"href":"https:\/\/www.newsrecorder.ro\/app\/wp-json\/wp\/v2\/categories?post=16831"},{"taxonomy":"post_tag","embeddable":true,"href":"https:\/\/www.newsrecorder.ro\/app\/wp-json\/wp\/v2\/tags?post=16831"}],"curies":[{"name":"wp","href":"https:\/\/api.w.org\/{rel}","templated":true}]}}