{"id":16833,"date":"2026-04-30T17:44:31","date_gmt":"2026-04-30T17:44:31","guid":{"rendered":"https:\/\/www.newsrecorder.ro\/app\/2026\/04\/30\/guvernul-goleste-pompele-ceo-ul-omv-petrom-explica-cum\/"},"modified":"2026-04-30T17:44:31","modified_gmt":"2026-04-30T17:44:31","slug":"guvernul-goleste-pompele-ceo-ul-omv-petrom-explica-cum","status":"publish","type":"post","link":"https:\/\/www.newsrecorder.ro\/app\/2026\/04\/30\/guvernul-goleste-pompele-ceo-ul-omv-petrom-explica-cum\/","title":{"rendered":"Guvernul gole\u0219te pompele: CEO-ul OMV Petrom explic\u0103 cum!"},"content":{"rendered":"<p>\u00centr-un interviu exclusiv acordat Economedia, joi, Christina Verchere, CEO-ul OMV Petrom, a clarificat situa\u021bia recent\u0103 a aprovizion\u0103rii cu motorin\u0103 \u00een benzin\u0103riile companiei. Aceasta a explicat c\u0103 lipsa de motorin\u0103 din martie nu a fost provocat\u0103 de probleme reale de aprovizionare sau de impactul r\u0103zboiului din Orientul Mijlociu, ci mai degrab\u0103 de interven\u021bia statului \u00een pia\u021ba carburan\u021bilor. \u201ePlafonarea marjelor la rafinare \u0219i retail a generat dezechilibre \u00een distribu\u021bie, conduc\u00e2nd la lipsuri temporare \u00een anumite sta\u021bii\u201d, a precizat Verchere, conform <a href=\"https:\/\/economedia.ro\/interviu-exclusiv-christina-verchere-avem-unele-lipsuri-de-motorina-dar-sunt-temporare-de-scurta-durata-interventiile-administrative-creeaza-dezechilibre-cum-a-reusit-guvernu.html\" target=\"_blank\" rel=\"noopener\">Economedia<\/a>.<\/p>\n<p>\u00cen continuare, Verchere a subliniat c\u0103 nu exist\u0103 un deficit \u00een aprovizionarea pie\u021bei, ci c\u0103 interven\u021biile administrative \u00een stabilirea pre\u021burilor au distorsionat fluxurile normale de distribu\u021bie. Aceast\u0103 situa\u021bie a for\u021bat compania s\u0103 men\u021bin\u0103 cele mai mici pre\u021buri din pia\u021b\u0103, dar livr\u0103rile de motorin\u0103 la benzin\u0103rii nu au reu\u0219it s\u0103 fac\u0103 fa\u021b\u0103 cererii crescute artificial, ceea ce a dus la penurii temporare la pomp\u0103.<\/p>\n<p>Referitor la impactul conflictelor interna\u021bionale, CEO-ul OMV Petrom a men\u021bionat c\u0103 fluxurile de aprovizionare ale companiei nu au fost semnificativ afectate de tensiunile din Orientul Mijlociu. OMV Petrom \u00ee\u0219i diversific\u0103 sursele de \u021bi\u021bei, aduc\u00e2ndu-l din Norvegia, Canada sau Africa, \u0219i nu din Orientul Mijlociu, conform acelea\u0219i surse.<\/p>\n<p>Verchere a eviden\u021biat c\u0103 riscul major r\u0103m\u00e2ne volatilitatea \u0219i competi\u021bia pentru resurse la nivel global, ceea ce se traduce mai degrab\u0103 \u00een presiune asupra pre\u021burilor dec\u00e2t \u00een \u00eentreruperi de aprovizionare.<\/p>\n<p>\u00cen ceea ce prive\u0219te interven\u021biile statului, Christina Verchere a avertizat c\u0103 acestea ar putea afecta negativ investi\u021biile \u00een Rom\u00e2nia, dac\u0103 se continu\u0103 cu aceste m\u0103suri pe termen lung. M\u0103suri temporare, cum ar fi taxa pe cifra de afaceri \u0219i contribu\u021bia de solidaritate, adaug\u0103 o presiune fiscal\u0103 suplimentar\u0103. De asemenea, ea a subliniat c\u0103 Rom\u00e2nia se confrunt\u0103 deja cu unele dintre cele mai mari taxe specifice pentru petrol \u0219i gaze din Europa.<\/p>\n","protected":false},"excerpt":{"rendered":"<p>\u00centr-un interviu exclusiv acordat Economedia, joi, Christina Verchere, CEO-ul OMV Petrom, a clarificat situa\u021bia recent\u0103 a aprovizion\u0103rii cu motorin\u0103 \u00een benzin\u0103riile companiei. Aceasta a explicat c\u0103 lipsa de motorin\u0103 din martie nu a fost provocat\u0103 de probleme reale de aprovizionare sau de impactul r\u0103zboiului din Orientul Mijlociu, ci mai degrab\u0103 de interven\u021bia statului \u00een pia\u021ba [&hellip;]<\/p>\n","protected":false},"author":4,"featured_media":16834,"comment_status":"open","ping_status":"open","sticky":false,"template":"","format":"standard","meta":{"jnews-multi-image_gallery":[],"jnews_single_post":[],"jnews_primary_category":[],"jnews_override_counter":[],"footnotes":""},"categories":[40],"tags":[3418,160,2795,19116,8967,2914,13376,535],"class_list":["post-16833","post","type-post","status-publish","format-standard","has-post-thumbnail","hentry","category-econonie","tag-aprovizionare","tag-deficit","tag-distributie","tag-interventie-stat","tag-motorina","tag-omv-petrom","tag-piata-carburantilor","tag-preturi"],"_links":{"self":[{"href":"https:\/\/www.newsrecorder.ro\/app\/wp-json\/wp\/v2\/posts\/16833","targetHints":{"allow":["GET"]}}],"collection":[{"href":"https:\/\/www.newsrecorder.ro\/app\/wp-json\/wp\/v2\/posts"}],"about":[{"href":"https:\/\/www.newsrecorder.ro\/app\/wp-json\/wp\/v2\/types\/post"}],"author":[{"embeddable":true,"href":"https:\/\/www.newsrecorder.ro\/app\/wp-json\/wp\/v2\/users\/4"}],"replies":[{"embeddable":true,"href":"https:\/\/www.newsrecorder.ro\/app\/wp-json\/wp\/v2\/comments?post=16833"}],"version-history":[{"count":0,"href":"https:\/\/www.newsrecorder.ro\/app\/wp-json\/wp\/v2\/posts\/16833\/revisions"}],"wp:featuredmedia":[{"embeddable":true,"href":"https:\/\/www.newsrecorder.ro\/app\/wp-json\/wp\/v2\/media\/16834"}],"wp:attachment":[{"href":"https:\/\/www.newsrecorder.ro\/app\/wp-json\/wp\/v2\/media?parent=16833"}],"wp:term":[{"taxonomy":"category","embeddable":true,"href":"https:\/\/www.newsrecorder.ro\/app\/wp-json\/wp\/v2\/categories?post=16833"},{"taxonomy":"post_tag","embeddable":true,"href":"https:\/\/www.newsrecorder.ro\/app\/wp-json\/wp\/v2\/tags?post=16833"}],"curies":[{"name":"wp","href":"https:\/\/api.w.org\/{rel}","templated":true}]}}