{"id":16835,"date":"2026-04-30T19:12:47","date_gmt":"2026-04-30T19:12:47","guid":{"rendered":"https:\/\/www.newsrecorder.ro\/app\/2026\/04\/30\/racirea-brusca-a-vremii-in-romania-ce-ne-asteapta-maine\/"},"modified":"2026-04-30T19:12:47","modified_gmt":"2026-04-30T19:12:47","slug":"racirea-brusca-a-vremii-in-romania-ce-ne-asteapta-maine","status":"publish","type":"post","link":"https:\/\/www.newsrecorder.ro\/app\/2026\/04\/30\/racirea-brusca-a-vremii-in-romania-ce-ne-asteapta-maine\/","title":{"rendered":"R\u0103cirea brusc\u0103 a vremii \u00een Rom\u00e2nia: Ce ne a\u0219teapt\u0103 m\u00e2ine?"},"content":{"rendered":"<p>Administra\u021bia Na\u021bional\u0103 de Meteorologie (ANM) a emis o informare meteorologic\u0103 valabil\u0103 p\u00e2n\u0103 pe 2 mai, ora 10:00, \u00een care se men\u021bioneaz\u0103 c\u0103 vremea va fi \u201edeosebit de rece\u201d \u00een zilele de joi \u0219i vineri, cu abateri termice de 8\u201312 grade fa\u021b\u0103 de mediile multianuale pentru aceast\u0103 perioad\u0103.<\/p>\n<p>R\u0103cirea se va resim\u021bi \u00een \u00eentreaga \u021bar\u0103, iar temperaturile maxime vor fi semnificativ sub normalul sezonului. \u00cen Bucure\u0219ti, efectele acestui episod de frig vor fi \u0219i mai evidente. ANM prognozeaz\u0103 pentru intervalul 30 aprilie, ora 09:00 &#8211; 1 mai, ora 09:00, o temperatur\u0103 maxim\u0103 de aproximativ 8 grade Celsius, al\u0103turi de ploi temporare \u0219i v\u00e2nt moderat, cu rafale ce vor atinge 35\u201345 km\/h pe parcursul zilei. Minimele nocturne vor sc\u0103dea la 3-4 grade, iar \u00een zonele din \u00eemprejurimile ora\u0219ului, aceste valori pot ajunge chiar la 1 grad.<\/p>\n<p>\u00cen ceea ce prive\u0219te precipita\u021biile, ANM avertizeaz\u0103 c\u0103 acestea vor acompania sc\u0103derea temperaturilor. Va ploua \u00een special \u00een sudul \u0219i estul \u021b\u0103rii, cu cantit\u0103\u021bi de ap\u0103 estimate s\u0103 ajung\u0103 la 10\u201315 l\/mp, iar local, pot dep\u0103\u0219i 20 l\/mp. \u00cen zonele montane, dar \u0219i trec\u0103tor \u00een dealurile subcarpatice ale Moldovei, precum \u0219i \u00een estul \u0219i sud-estul Transilvaniei, se preconizeaz\u0103 precipita\u021bii mixte, incluz\u00e2nd ploaie, lapovi\u021b\u0103, m\u0103z\u0103riche \u0219i ninsoare. La altitudini de peste 1.400 de metri, ninsorile vor deveni predominante, iar un strat de z\u0103pad\u0103 de 5\u20138 cm poate fi depus.<\/p>\n<p>Prognozele detaliate confirm\u0103 un peisaj rece \u0219i umed. \u00cen Bucure\u0219ti, se a\u0219teapt\u0103 ploi \u00een mai multe intervale pe parcursul zilei, cu temperaturi \u00een jur de 6\u20138 grade la orele amiezii. La Craiova, ploile sunt a\u0219teptate s\u0103 apar\u0103 de diminea\u021b\u0103 p\u00e2n\u0103 dup\u0103-amiaz\u0103, cu valori termice de aproximativ 7 grade. Constan\u021ba va experimenta ploi \u00een prima parte a zilei, cu temperaturi \u00eentre 8\u201310 grade, iar la Bra\u0219ov vremea va fi rece, cu temperaturi cuprinse \u00eentre 2\u20137 grade, \u00eenso\u021bit\u0103 de ploi sau averse.<\/p>\n<p>V\u00e2ntul va contribui la accentuarea senza\u021biei de frig, ANM avertiz\u00e2nd asupra intensific\u0103rilor temporare \u00een majoritatea regiunilor, cu viteze de 40\u201345 km\/h. \u00cen zona montan\u0103 \u00eenalt\u0103, rafalele pot dep\u0103\u0219i 60\u201370 km\/h. Pe parcursul nop\u021bilor urm\u0103toare, bruma va ap\u0103rea local \u00een jum\u0103tatea de nord a \u021b\u0103rii \u0219i izolat \u00een rest, ceea ce poate afecta vegeta\u021bia sensibil\u0103.<\/p>\n<p>La munte, vremea va sem\u0103na cel mai mult cu un episod de sf\u00e2r\u0219it de iarn\u0103. Media temperaturilor maxime va sc\u0103dea, \u00eentre 30 aprilie \u0219i 2 mai, la doar 2\u20133 grade, iar minimele nocturne se vor situa, \u00een general, \u00eentre -4 \u0219i -2 grade. Local \u0219i temporar, \u00eentre 30 aprilie \u0219i 3 mai, precipita\u021biile vor fi slabe cantitativ, sub form\u0103 de lapovi\u021b\u0103 \u0219i ninsoare la altitudini de peste 1.700 de metri, \u00een timp ce la altitudini mai joase, ploile vor predominanta.<\/p>\n","protected":false},"excerpt":{"rendered":"<p>Administra\u021bia Na\u021bional\u0103 de Meteorologie (ANM) a emis o informare meteorologic\u0103 valabil\u0103 p\u00e2n\u0103 pe 2 mai, ora 10:00, \u00een care se men\u021bioneaz\u0103 c\u0103 vremea va fi \u201edeosebit de rece\u201d \u00een zilele de joi \u0219i vineri, cu abateri termice de 8\u201312 grade fa\u021b\u0103 de mediile multianuale pentru aceast\u0103 perioad\u0103. R\u0103cirea se va resim\u021bi \u00een \u00eentreaga \u021bar\u0103, iar [&hellip;]<\/p>\n","protected":false},"author":5,"featured_media":16836,"comment_status":"open","ping_status":"open","sticky":false,"template":"","format":"standard","meta":{"jnews-multi-image_gallery":[],"jnews_single_post":[],"jnews_primary_category":[],"jnews_override_counter":[],"footnotes":""},"categories":[45],"tags":[146,1816,362,4028,135,81,3166,139],"class_list":["post-16835","post","type-post","status-publish","format-standard","has-post-thumbnail","hentry","category-meteo","tag-abateri-termice","tag-administratia-nationala-de-meteorologie","tag-bucuresti","tag-informare-meteorologica","tag-precipitatii","tag-temperaturi-scazute","tag-vant-moderat","tag-vreme-rece"],"_links":{"self":[{"href":"https:\/\/www.newsrecorder.ro\/app\/wp-json\/wp\/v2\/posts\/16835","targetHints":{"allow":["GET"]}}],"collection":[{"href":"https:\/\/www.newsrecorder.ro\/app\/wp-json\/wp\/v2\/posts"}],"about":[{"href":"https:\/\/www.newsrecorder.ro\/app\/wp-json\/wp\/v2\/types\/post"}],"author":[{"embeddable":true,"href":"https:\/\/www.newsrecorder.ro\/app\/wp-json\/wp\/v2\/users\/5"}],"replies":[{"embeddable":true,"href":"https:\/\/www.newsrecorder.ro\/app\/wp-json\/wp\/v2\/comments?post=16835"}],"version-history":[{"count":0,"href":"https:\/\/www.newsrecorder.ro\/app\/wp-json\/wp\/v2\/posts\/16835\/revisions"}],"wp:featuredmedia":[{"embeddable":true,"href":"https:\/\/www.newsrecorder.ro\/app\/wp-json\/wp\/v2\/media\/16836"}],"wp:attachment":[{"href":"https:\/\/www.newsrecorder.ro\/app\/wp-json\/wp\/v2\/media?parent=16835"}],"wp:term":[{"taxonomy":"category","embeddable":true,"href":"https:\/\/www.newsrecorder.ro\/app\/wp-json\/wp\/v2\/categories?post=16835"},{"taxonomy":"post_tag","embeddable":true,"href":"https:\/\/www.newsrecorder.ro\/app\/wp-json\/wp\/v2\/tags?post=16835"}],"curies":[{"name":"wp","href":"https:\/\/api.w.org\/{rel}","templated":true}]}}