{"id":16837,"date":"2026-04-30T19:13:07","date_gmt":"2026-04-30T19:13:07","guid":{"rendered":"https:\/\/www.newsrecorder.ro\/app\/2026\/04\/30\/bucurestiul-se-pregateste-pentru-vreme-rece-ploi-si-vant-intens\/"},"modified":"2026-04-30T19:13:07","modified_gmt":"2026-04-30T19:13:07","slug":"bucurestiul-se-pregateste-pentru-vreme-rece-ploi-si-vant-intens","status":"publish","type":"post","link":"https:\/\/www.newsrecorder.ro\/app\/2026\/04\/30\/bucurestiul-se-pregateste-pentru-vreme-rece-ploi-si-vant-intens\/","title":{"rendered":"Bucure\u0219tiul se preg\u0103te\u0219te pentru vreme rece: ploi \u0219i v\u00e2nt intens!"},"content":{"rendered":"<p>Conform informa\u021biilor furnizate de <a href=\"https:\/\/www.meteoromania.ro\/\" target=\"_blank\" rel=\"noopener\">Administra\u021bia Na\u021bional\u0103 de Meteorologie<\/a>, \u00eentre 29 aprilie, ora 09:00, \u0219i 2 mai, ora 10:00, se va \u00eenregistra o perioad\u0103 cu condi\u021bii meteorologice deosebit de reci pentru aceast\u0103 dat\u0103 din calendar.<\/p>\n<p><strong>29\u201330 aprilie: R\u0103cire accentuat\u0103 \u0219i ploi<\/strong><\/p>\n<p>\u00cen intervalul 29 aprilie, ora 09:00, p\u00e2n\u0103 pe 30 aprilie, ora 09:00, vremea va deveni semnificativ mai rece pentru aceast\u0103 perioad\u0103. Cerul va fi predominant noros, iar ploi sporadice se vor semnala pe parcursul zilei. V\u00e2ntul va avea intensitate moderat\u0103, ceea ce va accentua senza\u021bia de frig. Temperatura maxim\u0103 va sc\u0103dea fa\u021b\u0103 de ziua precedent\u0103, ating\u00e2nd valori de 13\u201314 grade Celsius, \u00een timp ce minima va cobor\u00ee la 5\u20137 grade.<\/p>\n<p><strong>30 aprilie \u2013 1 mai: Frig deosebit pentru aceast\u0103 perioad\u0103<\/strong><\/p>\n<p>R\u0103cirea se va intensifica \u00een perioada 30 aprilie, ora 09:00, p\u00e2n\u0103 la 1 mai, ora 09:00, c\u00e2nd vremea va deveni deosebit de rece pentru sf\u00e2r\u0219itul lunii aprilie. Cerul va fi dominat de nori, cu precipita\u021bii temporare, mai ales \u00een timpul zilei \u0219i seara. V\u00e2ntul va sufla moderat, av\u00e2nd intensific\u0103ri pe parcursul zilei, cu rafale ce pot atinge 35\u201345 km\/h. Temperatura maxim\u0103 va sc\u0103dea p\u00e2n\u0103 la aproximativ 8 grade Celsius, iar minima va fi de 3\u20134 grade, cu valori chiar mai sc\u0103zute, ajung\u00e2nd la 1 grad \u00een zonele periferice ale ora\u0219ului.<\/p>\n<p><strong>1\u20132 mai: Vreme rece \u0219i instabil\u0103<\/strong><\/p>\n<p>\u00cen perioada 1 mai, ora 09:00, p\u00e2n\u0103 pe 2 mai, ora 10:00, vremea va r\u0103m\u00e2ne deosebit de rece. De\u0219i temperatura maxim\u0103 va avea o u\u0219oar\u0103 cre\u0219tere, ating\u00e2nd valori de 12\u201314 grade, nop\u021bile vor continua s\u0103 fie reci, cu minime de 3\u20134 grade \u0219i valori apropiate de 1 grad \u00een zona preor\u0103\u0219eneasc\u0103. Cerul va prezenta \u00eennor\u0103ri temporare, iar ploi vor ap\u0103rea mai ales \u00een a doua parte a zilei. V\u00e2ntul va continua s\u0103 sufle moderat.<\/p>\n<p><strong>Informare meteo \u00een vigoare<\/strong><\/p>\n<p>Bucure\u0219tiul se afl\u0103 sub o informare meteorologic\u0103 pentru <a href=\"https:\/\/www.mediafax.ro\/meteo\/se-strica-vremea-in-romania-va-fi-frig-si-in-unele-zone-va-ninge-23727660\" target=\"_blank\" rel=\"noopener\">vreme deosebit de rece<\/a>, cu ploi moderate cantitativ \u0219i intensific\u0103ri ale v\u00e2ntului pe \u00eentreaga durat\u0103 a acestei perioade. Administra\u021bia Na\u021bional\u0103 de Meteorologie subliniaz\u0103 c\u0103 prognoza poate fi actualizat\u0103 \u00een func\u021bie de evolu\u021bia fenomenelor, inclusiv prin emiterea unor avertiz\u0103ri de tip nowcasting pentru fenomene severe imediate.<\/p>\n<p>Acest episod de r\u0103cire vine \u00eentr-un moment \u00een care temperaturile normale pentru aceast\u0103 perioad\u0103 ar fi trebuit s\u0103 fie semnificativ mai ridicate, ceea ce amplific\u0103 senza\u021bia de frig resim\u021bit\u0103 de locuitorii Capitalei.<\/p>\n","protected":false},"excerpt":{"rendered":"<p>Conform informa\u021biilor furnizate de Administra\u021bia Na\u021bional\u0103 de Meteorologie, \u00eentre 29 aprilie, ora 09:00, \u0219i 2 mai, ora 10:00, se va \u00eenregistra o perioad\u0103 cu condi\u021bii meteorologice deosebit de reci pentru aceast\u0103 dat\u0103 din calendar. 29\u201330 aprilie: R\u0103cire accentuat\u0103 \u0219i ploi \u00cen intervalul 29 aprilie, ora 09:00, p\u00e2n\u0103 pe 30 aprilie, ora 09:00, vremea va deveni [&hellip;]<\/p>\n","protected":false},"author":5,"featured_media":16838,"comment_status":"open","ping_status":"open","sticky":false,"template":"","format":"standard","meta":{"jnews-multi-image_gallery":[],"jnews_single_post":[],"jnews_primary_category":[],"jnews_override_counter":[],"footnotes":""},"categories":[45],"tags":[19117,1816,974,12471,16275,81,3166,139],"class_list":["post-16837","post","type-post","status-publish","format-standard","has-post-thumbnail","hentry","category-meteo","tag-29-aprilie","tag-administratia-nationala-de-meteorologie","tag-conditii-meteorologice","tag-ploi","tag-racire-accentuata","tag-temperaturi-scazute","tag-vant-moderat","tag-vreme-rece"],"_links":{"self":[{"href":"https:\/\/www.newsrecorder.ro\/app\/wp-json\/wp\/v2\/posts\/16837","targetHints":{"allow":["GET"]}}],"collection":[{"href":"https:\/\/www.newsrecorder.ro\/app\/wp-json\/wp\/v2\/posts"}],"about":[{"href":"https:\/\/www.newsrecorder.ro\/app\/wp-json\/wp\/v2\/types\/post"}],"author":[{"embeddable":true,"href":"https:\/\/www.newsrecorder.ro\/app\/wp-json\/wp\/v2\/users\/5"}],"replies":[{"embeddable":true,"href":"https:\/\/www.newsrecorder.ro\/app\/wp-json\/wp\/v2\/comments?post=16837"}],"version-history":[{"count":0,"href":"https:\/\/www.newsrecorder.ro\/app\/wp-json\/wp\/v2\/posts\/16837\/revisions"}],"wp:featuredmedia":[{"embeddable":true,"href":"https:\/\/www.newsrecorder.ro\/app\/wp-json\/wp\/v2\/media\/16838"}],"wp:attachment":[{"href":"https:\/\/www.newsrecorder.ro\/app\/wp-json\/wp\/v2\/media?parent=16837"}],"wp:term":[{"taxonomy":"category","embeddable":true,"href":"https:\/\/www.newsrecorder.ro\/app\/wp-json\/wp\/v2\/categories?post=16837"},{"taxonomy":"post_tag","embeddable":true,"href":"https:\/\/www.newsrecorder.ro\/app\/wp-json\/wp\/v2\/tags?post=16837"}],"curies":[{"name":"wp","href":"https:\/\/api.w.org\/{rel}","templated":true}]}}