{"id":16839,"date":"2026-04-30T19:13:21","date_gmt":"2026-04-30T19:13:21","guid":{"rendered":"https:\/\/www.newsrecorder.ro\/app\/2026\/04\/30\/alerta-meteo-frig-si-ninsori-surpriseaza-romania\/"},"modified":"2026-04-30T19:13:21","modified_gmt":"2026-04-30T19:13:21","slug":"alerta-meteo-frig-si-ninsori-surpriseaza-romania","status":"publish","type":"post","link":"https:\/\/www.newsrecorder.ro\/app\/2026\/04\/30\/alerta-meteo-frig-si-ninsori-surpriseaza-romania\/","title":{"rendered":"Alert\u0103 meteo: Frig \u0219i ninsori surpriseaz\u0103 Rom\u00e2nia!"},"content":{"rendered":"<p>Se anun\u021b\u0103 o schimbare semnificativ\u0103 a vremii \u00eencep\u00e2nd de m\u00e2ine. Potrivit unei aten\u021bion\u0103ri meteorologice, \u00eencep\u00e2nd cu miercuri, 29 aprilie, \u201evalorile termice vor \u00eenregistra o sc\u0103dere \u00een \u00eentreaga \u021bar\u0103, iar joi \u0219i vineri vremea va fi deosebit de rece pentru aceast\u0103 perioad\u0103, cu abateri de 8 p\u00e2n\u0103 la 12 grade fa\u021b\u0103 de mediile multianuale\u201d.<\/p>\n<p>Noaptea, \u00een special \u00een jum\u0103tatea de nord a \u021b\u0103rii \u0219i izolat \u00een alte zone, va ap\u0103rea bruma.<\/p>\n<p>\u00cen acest interval, se a\u0219teapt\u0103 precipita\u021bii, mai ales \u00een regiunile sudice \u0219i estice ale \u021b\u0103rii. Acestea vor aduce cantit\u0103\u021bi de ap\u0103 estimate \u00eentre 10 \u0219i 15 l\/mp, iar \u00een zone izolate pot dep\u0103\u0219i 20 l\/mp.<\/p>\n<p>La munte, dar \u0219i temporar \u00een dealurile subcarpatice din Moldova \u0219i \u00een estul \u0219i sud-estul Transilvaniei, vor fi precipita\u021bii mixte, incluz\u00e2nd ploaie, lapovi\u021b\u0103, m\u0103z\u0103riche \u0219i ninsoare. La altitudini de peste 1400 m, ninsorile vor fi predominante, iar stratul de z\u0103pad\u0103 se va acumula \u00eentre 5 \u0219i 8 cm.<\/p>\n<p>\u00cen plus, v\u00e2ntul va avea intensific\u0103ri temporare \u00een majoritatea regiunilor, cu viteze cuprinse \u00eentre 40 \u0219i 45 km\/h, iar \u00een zonele montane \u00eenalte, rafalele vor dep\u0103\u0219i 60 p\u00e2n\u0103 la 70 km\/h.<\/p>\n","protected":false},"excerpt":{"rendered":"<p>Se anun\u021b\u0103 o schimbare semnificativ\u0103 a vremii \u00eencep\u00e2nd de m\u00e2ine. Potrivit unei aten\u021bion\u0103ri meteorologice, \u00eencep\u00e2nd cu miercuri, 29 aprilie, \u201evalorile termice vor \u00eenregistra o sc\u0103dere \u00een \u00eentreaga \u021bar\u0103, iar joi \u0219i vineri vremea va fi deosebit de rece pentru aceast\u0103 perioad\u0103, cu abateri de 8 p\u00e2n\u0103 la 12 grade fa\u021b\u0103 de mediile multianuale\u201d. Noaptea, \u00een [&hellip;]<\/p>\n","protected":false},"author":5,"featured_media":16840,"comment_status":"open","ping_status":"open","sticky":false,"template":"","format":"standard","meta":{"jnews-multi-image_gallery":[],"jnews_single_post":[],"jnews_primary_category":[],"jnews_override_counter":[],"footnotes":""},"categories":[45],"tags":[993,13053,127,1814,135,16409,19118,263],"class_list":["post-16839","post","type-post","status-publish","format-standard","has-post-thumbnail","hentry","category-meteo","tag-atentionare-meteorologica","tag-bruma","tag-ninsori","tag-ploaie","tag-precipitatii","tag-scadere-temperaturi","tag-schimbare-vreme","tag-transilvania"],"_links":{"self":[{"href":"https:\/\/www.newsrecorder.ro\/app\/wp-json\/wp\/v2\/posts\/16839","targetHints":{"allow":["GET"]}}],"collection":[{"href":"https:\/\/www.newsrecorder.ro\/app\/wp-json\/wp\/v2\/posts"}],"about":[{"href":"https:\/\/www.newsrecorder.ro\/app\/wp-json\/wp\/v2\/types\/post"}],"author":[{"embeddable":true,"href":"https:\/\/www.newsrecorder.ro\/app\/wp-json\/wp\/v2\/users\/5"}],"replies":[{"embeddable":true,"href":"https:\/\/www.newsrecorder.ro\/app\/wp-json\/wp\/v2\/comments?post=16839"}],"version-history":[{"count":0,"href":"https:\/\/www.newsrecorder.ro\/app\/wp-json\/wp\/v2\/posts\/16839\/revisions"}],"wp:featuredmedia":[{"embeddable":true,"href":"https:\/\/www.newsrecorder.ro\/app\/wp-json\/wp\/v2\/media\/16840"}],"wp:attachment":[{"href":"https:\/\/www.newsrecorder.ro\/app\/wp-json\/wp\/v2\/media?parent=16839"}],"wp:term":[{"taxonomy":"category","embeddable":true,"href":"https:\/\/www.newsrecorder.ro\/app\/wp-json\/wp\/v2\/categories?post=16839"},{"taxonomy":"post_tag","embeddable":true,"href":"https:\/\/www.newsrecorder.ro\/app\/wp-json\/wp\/v2\/tags?post=16839"}],"curies":[{"name":"wp","href":"https:\/\/api.w.org\/{rel}","templated":true}]}}