{"id":16841,"date":"2026-04-30T19:13:34","date_gmt":"2026-04-30T19:13:34","guid":{"rendered":"https:\/\/www.newsrecorder.ro\/app\/2026\/04\/30\/prognoza-anm-vreme-capricioasa-pana-la-finalul-primaverii\/"},"modified":"2026-04-30T19:13:34","modified_gmt":"2026-04-30T19:13:34","slug":"prognoza-anm-vreme-capricioasa-pana-la-finalul-primaverii","status":"publish","type":"post","link":"https:\/\/www.newsrecorder.ro\/app\/2026\/04\/30\/prognoza-anm-vreme-capricioasa-pana-la-finalul-primaverii\/","title":{"rendered":"Prognoza ANM: Vreme capricioas\u0103 p\u00e2n\u0103 la finalul prim\u0103verii!"},"content":{"rendered":"<p>Conform prognozei emise de Administra\u021bia Na\u021bional\u0103 de Meteorologie (ANM), \u00eentre 27 aprilie \u0219i 4 mai, se preconizeaz\u0103 o sc\u0103dere a temperaturilor, caracterizat\u0103 prin valori mai sc\u0103zute dec\u00e2t cele specifice pentru aceast\u0103 perioad\u0103, fenomen ce va afecta \u00eentreaga Rom\u00e2nie. Totu\u0219i, abaterile termice negative vor fi mai pronun\u021bate \u00een jum\u0103tatea estic\u0103 a \u021b\u0103rii.<\/p>\n<p>\u00cen ceea ce prive\u0219te precipita\u021biile, regimul pluviometric va \u00eenregistra valori excedentare \u00een regiunile sud-estice, \u00een timp ce \u00een zonele vestice, nordice \u0219i centrale se va observa o deficien\u021b\u0103 de precipita\u021bii. \u00cen restul \u021b\u0103rii, cantit\u0103\u021bile de ap\u0103 vor fi \u00een general conforme cu normele obi\u0219nuite pentru aceast\u0103 perioad\u0103.<\/p>\n<p>\u00cen intervalul 4-11 mai, se a\u0219teapt\u0103 ca temperaturile medii s\u0103 fie u\u0219or mai ridicate dec\u00e2t cele specifice pentru acest segment, \u00een special \u00een jum\u0103tatea vestic\u0103 a teritoriului. \u00cen celelalte regiuni, valorile termice vor fi, \u00een general, apropiate de cele normale.<\/p>\n<p>Cantit\u0103\u021bile de precipita\u021bii vor continua s\u0103 fie deficitare \u00een regiunile vestice \u0219i sud-vestice, \u00een timp ce \u00een restul \u021b\u0103rii se estimeaz\u0103 o apropiere de valorile normale pentru aceast\u0103 perioad\u0103.<\/p>\n<p>&lt;p\u00centre 11 \u0219i 18 mai, temperatura medie a aerului se va men\u021bine \u00een jurul valorilor normale pentru aceast\u0103 s\u0103pt\u0103m\u00e2n\u0103, acoperind \u00eentreaga \u021bar\u0103. De asemenea, regimul pluviometric estimat va fi, \u00een cea mai mare parte, similar cu cel normal, conform ANM.<\/p>\n<p>\u00cen s\u0103pt\u0103m\u00e2na 18-25 mai, se preconizeaz\u0103 c\u0103 mediile valorilor termice vor fi conforme cu cele specifice pentru acest interval, \u00een \u00eentreaga Rom\u00e2nie. Cantit\u0103\u021bile de precipita\u021bii se vor situa, de asemenea, \u00een jurul valorilor normale pentru aceast\u0103 perioad\u0103, conform rapoartelor ANM.<\/p>\n","protected":false},"excerpt":{"rendered":"<p>Conform prognozei emise de Administra\u021bia Na\u021bional\u0103 de Meteorologie (ANM), \u00eentre 27 aprilie \u0219i 4 mai, se preconizeaz\u0103 o sc\u0103dere a temperaturilor, caracterizat\u0103 prin valori mai sc\u0103zute dec\u00e2t cele specifice pentru aceast\u0103 perioad\u0103, fenomen ce va afecta \u00eentreaga Rom\u00e2nie. Totu\u0219i, abaterile termice negative vor fi mai pronun\u021bate \u00een jum\u0103tatea estic\u0103 a \u021b\u0103rii. \u00cen ceea ce prive\u0219te [&hellip;]<\/p>\n","protected":false},"author":5,"featured_media":16842,"comment_status":"open","ping_status":"open","sticky":false,"template":"","format":"standard","meta":{"jnews-multi-image_gallery":[],"jnews_single_post":[],"jnews_primary_category":[],"jnews_override_counter":[],"footnotes":""},"categories":[45],"tags":[146,1816,135,141,10037,149,81,19119],"class_list":["post-16841","post","type-post","status-publish","format-standard","has-post-thumbnail","hentry","category-meteo","tag-abateri-termice","tag-administratia-nationala-de-meteorologie","tag-precipitatii","tag-prognoza-meteo","tag-regiuni-sud-estice","tag-romania","tag-temperaturi-scazute","tag-valori-medii"],"_links":{"self":[{"href":"https:\/\/www.newsrecorder.ro\/app\/wp-json\/wp\/v2\/posts\/16841","targetHints":{"allow":["GET"]}}],"collection":[{"href":"https:\/\/www.newsrecorder.ro\/app\/wp-json\/wp\/v2\/posts"}],"about":[{"href":"https:\/\/www.newsrecorder.ro\/app\/wp-json\/wp\/v2\/types\/post"}],"author":[{"embeddable":true,"href":"https:\/\/www.newsrecorder.ro\/app\/wp-json\/wp\/v2\/users\/5"}],"replies":[{"embeddable":true,"href":"https:\/\/www.newsrecorder.ro\/app\/wp-json\/wp\/v2\/comments?post=16841"}],"version-history":[{"count":0,"href":"https:\/\/www.newsrecorder.ro\/app\/wp-json\/wp\/v2\/posts\/16841\/revisions"}],"wp:featuredmedia":[{"embeddable":true,"href":"https:\/\/www.newsrecorder.ro\/app\/wp-json\/wp\/v2\/media\/16842"}],"wp:attachment":[{"href":"https:\/\/www.newsrecorder.ro\/app\/wp-json\/wp\/v2\/media?parent=16841"}],"wp:term":[{"taxonomy":"category","embeddable":true,"href":"https:\/\/www.newsrecorder.ro\/app\/wp-json\/wp\/v2\/categories?post=16841"},{"taxonomy":"post_tag","embeddable":true,"href":"https:\/\/www.newsrecorder.ro\/app\/wp-json\/wp\/v2\/tags?post=16841"}],"curies":[{"name":"wp","href":"https:\/\/api.w.org\/{rel}","templated":true}]}}