{"id":16843,"date":"2026-04-30T19:14:33","date_gmt":"2026-04-30T19:14:33","guid":{"rendered":"https:\/\/www.newsrecorder.ro\/app\/2026\/04\/30\/vant-puternic-in-transilvania-oltenia-si-moldova-harta-alertelor\/"},"modified":"2026-04-30T19:14:33","modified_gmt":"2026-04-30T19:14:33","slug":"vant-puternic-in-transilvania-oltenia-si-moldova-harta-alertelor","status":"publish","type":"post","link":"https:\/\/www.newsrecorder.ro\/app\/2026\/04\/30\/vant-puternic-in-transilvania-oltenia-si-moldova-harta-alertelor\/","title":{"rendered":"V\u00e2nt puternic \u00een Transilvania, Oltenia \u0219i Moldova: Harta alertelor!"},"content":{"rendered":"<p>Conform informa\u021biilor furnizate de Administra\u021bia Na\u021bional\u0103 de Meteorologie (ANM), ziua de vineri va aduce vreme turbulent\u0103 \u00een anumite regiuni ale \u021b\u0103rii. Astfel, \u00een zonele nordice, estice \u0219i sud-estice ale Transilvaniei, \u00een nord-estul Moldovei \u0219i \u00een vestul Olteniei, se a\u0219teapt\u0103 intensific\u0103ri ale v\u00e2ntului, cu viteze ce vor varia \u00eentre 50 \u015fi 65 km\/h.<\/p>\n<p>\u00cen Carpa\u021bii Meridionali \u0219i de Curbur\u0103, rafalele vor fi \u0219i mai puternice, ating\u00e2nd valori de 70 p\u00e2n\u0103 la 90 km\/h, ceea ce poate crea condi\u021bii periculoase pentru activit\u0103\u021bile \u00een aer liber.<\/p>\n<p>De asemenea, intensific\u0103ri temporare ale v\u00e2ntului se vor resim\u021bi \u0219i \u00een alte p\u0103r\u021bi ale \u021b\u0103rii, cu viteze medii de aproximativ 40 p\u00e2n\u0103 la 45 km\/h.<\/p>\n<p>Avertizarea cod galben emis\u0103 de ANM este \u00een vigoare p\u00e2n\u0103 la ora 21:00, a\u0219a c\u0103 cet\u0103\u021benii sunt sf\u0103tui\u021bi s\u0103 fie precau\u021bi \u0219i s\u0103 evite activit\u0103\u021bile care ar putea fi afectate de aceste condi\u021bii meteorologice nefavorabile.<\/p>\n","protected":false},"excerpt":{"rendered":"<p>Conform informa\u021biilor furnizate de Administra\u021bia Na\u021bional\u0103 de Meteorologie (ANM), ziua de vineri va aduce vreme turbulent\u0103 \u00een anumite regiuni ale \u021b\u0103rii. Astfel, \u00een zonele nordice, estice \u0219i sud-estice ale Transilvaniei, \u00een nord-estul Moldovei \u0219i \u00een vestul Olteniei, se a\u0219teapt\u0103 intensific\u0103ri ale v\u00e2ntului, cu viteze ce vor varia \u00eentre 50 \u015fi 65 km\/h. \u00cen Carpa\u021bii Meridionali [&hellip;]<\/p>\n","protected":false},"author":5,"featured_media":16844,"comment_status":"open","ping_status":"open","sticky":false,"template":"","format":"standard","meta":{"jnews-multi-image_gallery":[],"jnews_single_post":[],"jnews_primary_category":[],"jnews_override_counter":[],"footnotes":""},"categories":[45],"tags":[1145,196,10822,1422,133,7126,137,19120],"class_list":["post-16843","post","type-post","status-publish","format-standard","has-post-thumbnail","hentry","category-meteo","tag-carpati","tag-cod-galben","tag-conditii-nefavorabile","tag-intensificari","tag-meteorologie","tag-precautii","tag-vant","tag-vreme-turbulenta"],"_links":{"self":[{"href":"https:\/\/www.newsrecorder.ro\/app\/wp-json\/wp\/v2\/posts\/16843","targetHints":{"allow":["GET"]}}],"collection":[{"href":"https:\/\/www.newsrecorder.ro\/app\/wp-json\/wp\/v2\/posts"}],"about":[{"href":"https:\/\/www.newsrecorder.ro\/app\/wp-json\/wp\/v2\/types\/post"}],"author":[{"embeddable":true,"href":"https:\/\/www.newsrecorder.ro\/app\/wp-json\/wp\/v2\/users\/5"}],"replies":[{"embeddable":true,"href":"https:\/\/www.newsrecorder.ro\/app\/wp-json\/wp\/v2\/comments?post=16843"}],"version-history":[{"count":0,"href":"https:\/\/www.newsrecorder.ro\/app\/wp-json\/wp\/v2\/posts\/16843\/revisions"}],"wp:featuredmedia":[{"embeddable":true,"href":"https:\/\/www.newsrecorder.ro\/app\/wp-json\/wp\/v2\/media\/16844"}],"wp:attachment":[{"href":"https:\/\/www.newsrecorder.ro\/app\/wp-json\/wp\/v2\/media?parent=16843"}],"wp:term":[{"taxonomy":"category","embeddable":true,"href":"https:\/\/www.newsrecorder.ro\/app\/wp-json\/wp\/v2\/categories?post=16843"},{"taxonomy":"post_tag","embeddable":true,"href":"https:\/\/www.newsrecorder.ro\/app\/wp-json\/wp\/v2\/tags?post=16843"}],"curies":[{"name":"wp","href":"https:\/\/api.w.org\/{rel}","templated":true}]}}