{"id":16845,"date":"2026-04-30T19:14:44","date_gmt":"2026-04-30T19:14:44","guid":{"rendered":"https:\/\/www.newsrecorder.ro\/app\/2026\/04\/30\/vara-anticipata-mai-aduce-caldura-reala-nu-doar-pe-hartie\/"},"modified":"2026-04-30T19:14:44","modified_gmt":"2026-04-30T19:14:44","slug":"vara-anticipata-mai-aduce-caldura-reala-nu-doar-pe-hartie","status":"publish","type":"post","link":"https:\/\/www.newsrecorder.ro\/app\/2026\/04\/30\/vara-anticipata-mai-aduce-caldura-reala-nu-doar-pe-hartie\/","title":{"rendered":"Vara anticipat\u0103: Mai aduce c\u0103ldur\u0103 real\u0103, nu doar pe h\u00e2rtie!"},"content":{"rendered":"<p>\u00centre 25 aprilie \u0219i 4 mai, valorile termice din Rom\u00e2nia se vor situa cu mult sub mediile specifice acestei perioade. \u00cen \u00eentreaga \u021bar\u0103, se a\u0219teapt\u0103 ca regimul pluviometric s\u0103 fie excedentar, \u00een special \u00een regiunile sudice, estice \u0219i centrale. \u00cen contrast, \u00een restul \u021b\u0103rii, precipita\u021biile se vor \u00eencadra \u00een limitele normale pentru aceast\u0103 s\u0103pt\u0103m\u00e2n\u0103.<\/p>\n<p>\u00cen perioada 4 &#8211; 11 mai, temperaturile vor reveni la valori apropiate de cele normale pentru acest interval, acoperind majoritatea regiunii. Totu\u0219i, regimul pluviometric va fi u\u0219or deficitar \u00een regiunile sud-vestice, \u00een timp ce restul \u021b\u0103rii va experimenta condi\u021bii apropiate de normal.<\/p>\n<p>\u00centre 11 \u0219i 18 mai, se preconizeaz\u0103 c\u0103 regimul termic va r\u0103m\u00e2ne \u00een conformitate cu normele climatologice pentru aceast\u0103 perioad\u0103, \u00een \u00eentreaga \u021bar\u0103. Cantit\u0103\u021bile de precipita\u021bii a\u0219teptate vor fi, \u00een general, conforme cu valorile normale pentru acest interval, acoperind majoritatea regiunilor.<\/p>\n<p>\u00cen perioada 18 &#8211; 25 mai, se estimeaz\u0103 c\u0103 mediile valorilor termice vor fi conforme cu normele climatologice specifice acestei perioade, la nivel na\u021bional. Regimul pluviometric va fi u\u0219or excedentar \u00een regiunile estice \u0219i sudice, \u00een timp ce regiunile vestice vor avea un regim u\u0219or deficitar, iar restul teritoriului se va men\u021bine \u00een limitele normale pentru acest interval.<\/p>\n","protected":false},"excerpt":{"rendered":"<p>\u00centre 25 aprilie \u0219i 4 mai, valorile termice din Rom\u00e2nia se vor situa cu mult sub mediile specifice acestei perioade. \u00cen \u00eentreaga \u021bar\u0103, se a\u0219teapt\u0103 ca regimul pluviometric s\u0103 fie excedentar, \u00een special \u00een regiunile sudice, estice \u0219i centrale. \u00cen contrast, \u00een restul \u021b\u0103rii, precipita\u021biile se vor \u00eencadra \u00een limitele normale pentru aceast\u0103 s\u0103pt\u0103m\u00e2n\u0103. \u00cen [&hellip;]<\/p>\n","protected":false},"author":5,"featured_media":16846,"comment_status":"open","ping_status":"open","sticky":false,"template":"","format":"standard","meta":{"jnews-multi-image_gallery":[],"jnews_single_post":[],"jnews_primary_category":[],"jnews_override_counter":[],"footnotes":""},"categories":[45],"tags":[1375,11115,135,132,1812,149,126,125],"class_list":["post-16845","post","type-post","status-publish","format-standard","has-post-thumbnail","hentry","category-meteo","tag-aprilie","tag-conditii-climatice","tag-precipitatii","tag-prognoza","tag-regimul-pluviometric","tag-romania","tag-temperaturi","tag-vreme"],"_links":{"self":[{"href":"https:\/\/www.newsrecorder.ro\/app\/wp-json\/wp\/v2\/posts\/16845","targetHints":{"allow":["GET"]}}],"collection":[{"href":"https:\/\/www.newsrecorder.ro\/app\/wp-json\/wp\/v2\/posts"}],"about":[{"href":"https:\/\/www.newsrecorder.ro\/app\/wp-json\/wp\/v2\/types\/post"}],"author":[{"embeddable":true,"href":"https:\/\/www.newsrecorder.ro\/app\/wp-json\/wp\/v2\/users\/5"}],"replies":[{"embeddable":true,"href":"https:\/\/www.newsrecorder.ro\/app\/wp-json\/wp\/v2\/comments?post=16845"}],"version-history":[{"count":0,"href":"https:\/\/www.newsrecorder.ro\/app\/wp-json\/wp\/v2\/posts\/16845\/revisions"}],"wp:featuredmedia":[{"embeddable":true,"href":"https:\/\/www.newsrecorder.ro\/app\/wp-json\/wp\/v2\/media\/16846"}],"wp:attachment":[{"href":"https:\/\/www.newsrecorder.ro\/app\/wp-json\/wp\/v2\/media?parent=16845"}],"wp:term":[{"taxonomy":"category","embeddable":true,"href":"https:\/\/www.newsrecorder.ro\/app\/wp-json\/wp\/v2\/categories?post=16845"},{"taxonomy":"post_tag","embeddable":true,"href":"https:\/\/www.newsrecorder.ro\/app\/wp-json\/wp\/v2\/tags?post=16845"}],"curies":[{"name":"wp","href":"https:\/\/api.w.org\/{rel}","templated":true}]}}