{"id":16847,"date":"2026-04-30T19:14:59","date_gmt":"2026-04-30T19:14:59","guid":{"rendered":"https:\/\/www.newsrecorder.ro\/app\/2026\/04\/30\/bucuresti-frig-ploi-usoare-si-vant-puternic-pana-vineri-2\/"},"modified":"2026-04-30T19:14:59","modified_gmt":"2026-04-30T19:14:59","slug":"bucuresti-frig-ploi-usoare-si-vant-puternic-pana-vineri-2","status":"publish","type":"post","link":"https:\/\/www.newsrecorder.ro\/app\/2026\/04\/30\/bucuresti-frig-ploi-usoare-si-vant-puternic-pana-vineri-2\/","title":{"rendered":"Bucure\u0219ti: Frig, ploi u\u0219oare \u0219i v\u00e2nt puternic p\u00e2n\u0103 vineri!"},"content":{"rendered":"<p class=\"font-claude-response-body break-words whitespace-normal leading-[1.7]\"><a href=\"https:\/\/www.meteoromania.ro\/\" target=\"_blank\" rel=\"noopener\">Administra\u021bia Na\u021bional\u0103 de Meteorologie (ANM)<\/a> a publicat o avertizare meteorologic\u0103 pentru Bucure\u0219ti, valabil\u0103 \u00een intervalul 22 aprilie, ora 10:00, p\u00e2n\u0103 pe 24 aprilie, ora 10:00. Se anun\u021b\u0103 o perioad\u0103 rece, \u00eenso\u021bit\u0103 de intensific\u0103ri ale v\u00e2ntului.<\/p>\n<p><strong>Prognoza meteo pentru miercuri, 22 aprilie: vreme rece \u0219i ploi u\u0219oare<\/strong><\/p>\n<p class=\"font-claude-response-body break-words whitespace-normal leading-[1.7]\"><a href=\"https:\/\/www.mediafax.ro\/meteo\/lapovita-bruma-vant-extrem-anm-emite-cod-portocaliu-de-vant-intr-o-regiune-a-romaniei-si-cod-galben-in-toata-tara-23724201\">\u00cen aceast\u0103 zi<\/a>, temperaturile vor fi sc\u0103zute. Cerul va fi predominant noros, cu \u0219anse de ploi slabe pe parcursul zilei.<\/p>\n<p class=\"font-claude-response-body break-words whitespace-normal leading-[1.7]\">V\u00e2ntul va avea o intensitate slab\u0103 p\u00e2n\u0103 la moderat\u0103. Se estimeaz\u0103 c\u0103 temperatura maxim\u0103 va atinge valori de 13-15 grade Celsius, \u00een timp ce minima nocturn\u0103 va cobor\u00ee \u00eentre 2 \u0219i 5 grade Celsius.<\/p>\n<p><strong>Prognoza pentru joi, 23 aprilie: vreme mai cald\u0103, dar cu v\u00e2nt puternic<\/strong><\/p>\n<p class=\"font-claude-response-body break-words whitespace-normal leading-[1.7]\">Vremea va \u00eencepe s\u0103 se \u00eembun\u0103t\u0103\u021beasc\u0103, aduc\u00e2nd valori termice mai ridicate. Cerul va fi variabil, f\u0103r\u0103 precipita\u021bii semnificative.<\/p>\n<p class=\"font-claude-response-body break-words whitespace-normal leading-[1.7]\">Cu toate acestea, v\u00e2ntul se va intensifica pe parcursul zilei, ating\u00e2nd viteze de 45-50 km\/h. Noaptea, intensitatea v\u00e2ntului va sc\u0103dea, iar acesta va deveni slab \u0219i moderat. Temperatura maxim\u0103 va varia \u00eentre 18 \u0219i 19 grade Celsius, iar minima se va situa \u00eentre 4 \u0219i 7 grade Celsius.<\/p>\n","protected":false},"excerpt":{"rendered":"<p>Administra\u021bia Na\u021bional\u0103 de Meteorologie (ANM) a publicat o avertizare meteorologic\u0103 pentru Bucure\u0219ti, valabil\u0103 \u00een intervalul 22 aprilie, ora 10:00, p\u00e2n\u0103 pe 24 aprilie, ora 10:00. Se anun\u021b\u0103 o perioad\u0103 rece, \u00eenso\u021bit\u0103 de intensific\u0103ri ale v\u00e2ntului. Prognoza meteo pentru miercuri, 22 aprilie: vreme rece \u0219i ploi u\u0219oare \u00cen aceast\u0103 zi, temperaturile vor fi sc\u0103zute. Cerul va [&hellip;]<\/p>\n","protected":false},"author":5,"featured_media":16848,"comment_status":"open","ping_status":"open","sticky":false,"template":"","format":"standard","meta":{"jnews-multi-image_gallery":[],"jnews_single_post":[],"jnews_primary_category":[],"jnews_override_counter":[],"footnotes":""},"categories":[45],"tags":[19121,1563,362,15524,141,81,994,139],"class_list":["post-16847","post","type-post","status-publish","format-standard","has-post-thumbnail","hentry","category-meteo","tag-22-aprilie","tag-avertizare-meteorologica","tag-bucuresti","tag-ploi-slabe","tag-prognoza-meteo","tag-temperaturi-scazute","tag-vant-puternic","tag-vreme-rece"],"_links":{"self":[{"href":"https:\/\/www.newsrecorder.ro\/app\/wp-json\/wp\/v2\/posts\/16847","targetHints":{"allow":["GET"]}}],"collection":[{"href":"https:\/\/www.newsrecorder.ro\/app\/wp-json\/wp\/v2\/posts"}],"about":[{"href":"https:\/\/www.newsrecorder.ro\/app\/wp-json\/wp\/v2\/types\/post"}],"author":[{"embeddable":true,"href":"https:\/\/www.newsrecorder.ro\/app\/wp-json\/wp\/v2\/users\/5"}],"replies":[{"embeddable":true,"href":"https:\/\/www.newsrecorder.ro\/app\/wp-json\/wp\/v2\/comments?post=16847"}],"version-history":[{"count":0,"href":"https:\/\/www.newsrecorder.ro\/app\/wp-json\/wp\/v2\/posts\/16847\/revisions"}],"wp:featuredmedia":[{"embeddable":true,"href":"https:\/\/www.newsrecorder.ro\/app\/wp-json\/wp\/v2\/media\/16848"}],"wp:attachment":[{"href":"https:\/\/www.newsrecorder.ro\/app\/wp-json\/wp\/v2\/media?parent=16847"}],"wp:term":[{"taxonomy":"category","embeddable":true,"href":"https:\/\/www.newsrecorder.ro\/app\/wp-json\/wp\/v2\/categories?post=16847"},{"taxonomy":"post_tag","embeddable":true,"href":"https:\/\/www.newsrecorder.ro\/app\/wp-json\/wp\/v2\/tags?post=16847"}],"curies":[{"name":"wp","href":"https:\/\/api.w.org\/{rel}","templated":true}]}}