{"id":16849,"date":"2026-04-30T19:15:24","date_gmt":"2026-04-30T19:15:24","guid":{"rendered":"https:\/\/www.newsrecorder.ro\/app\/2026\/04\/30\/coduri-meteo-alarmante-vant-extrem-si-lapovita-in-romania\/"},"modified":"2026-04-30T19:15:24","modified_gmt":"2026-04-30T19:15:24","slug":"coduri-meteo-alarmante-vant-extrem-si-lapovita-in-romania","status":"publish","type":"post","link":"https:\/\/www.newsrecorder.ro\/app\/2026\/04\/30\/coduri-meteo-alarmante-vant-extrem-si-lapovita-in-romania\/","title":{"rendered":"Coduri meteo alarmante: V\u00e2nt extrem \u0219i lapovi\u021b\u0103 \u00een Rom\u00e2nia!"},"content":{"rendered":"<p class=\"font-claude-response-body break-words whitespace-normal leading-[1.7]\"><a href=\"https:\/\/www.mediafax.ro\/meteo\/vreme-rece-si-anomalii-termice-in-romania-ce-anunta-anm-pentru-intervalul-20-aprilie-18-mai-23723478\">Prognoza meteo ANM<\/a> a anun\u021bat o perioad\u0103 instabil\u0103 \u00een Rom\u00e2nia \u00eentre 22 \u0219i 24 aprilie, caracterizat\u0103 prin alerte de tip Cod portocaliu \u0219i Cod galben. Printre fenomenele meteo semnificative se num\u0103r\u0103 v\u00e2ntul puternic, ninsorile \u00een zonele montane \u0219i bruma nocturn\u0103.<\/p>\n<p><strong>Cod portocaliu de v\u00e2nt: Jude\u021bele afectate joi<\/strong><\/p>\n<p class=\"font-claude-response-body break-words whitespace-normal leading-[1.7]\">\u00cen intervalul 23 aprilie, ora 12:00 \u2013 23 aprilie, ora 20:00, jude\u021bele Boto\u0219ani, Ia\u0219i \u0219i zona joas\u0103 a jude\u021bului Suceava vor fi sub inciden\u021ba unui Cod portocaliu de v\u00e2nt. Aici, rafalele vor atinge viteze cuprinse \u00eentre 70 \u0219i 90 km\/h.<\/p>\n<p class=\"font-claude-response-body break-words whitespace-normal leading-[1.7]\">Pe de alt\u0103 parte, la munte se a\u0219teapt\u0103 intensific\u0103ri puternice. \u00cen Carpa\u021bii Meridionali, de Curbur\u0103 \u0219i \u00een Mun\u021bii Apuseni, la altitudini de peste 1.600 m, rafalele vor ajunge la valori impresionante \u00eentre 90 \u0219i 130 km\/h.<\/p>\n<p><strong>Cod galben de v\u00e2nt \u00een toat\u0103 \u021bara joi<\/strong><\/p>\n<p class=\"font-claude-response-body break-words whitespace-normal leading-[1.7]\">Codul galben de v\u00e2nt va fi activ pe parcursul zilei de 23 aprilie, \u00eentre orele 09:00 \u0219i 22:00. Regiunile afectate includ Moldova, Transilvania, Maramure\u0219, sudul Banatului, sud-vestul Olteniei, nord-estul Munteniei \u0219i Dobrogea.<\/p>\n<p class=\"font-claude-response-body break-words whitespace-normal leading-[1.7]\">\u00cen aceste zone, vitezele v\u00e2ntului vor varia \u00eentre 50 \u0219i 70 km\/h \u00een c\u00e2mpii \u0219i dealuri, \u00een timp ce la munte rafalele vor dep\u0103\u0219i 70\u201390 km\/h.<\/p>\n<p><strong>Ninsori la munte miercuri \u0219i joi<\/strong><\/p>\n<p class=\"font-claude-response-body break-words whitespace-normal leading-[1.7]\">O informare meteorologic\u0103 a fost emis\u0103 pentru perioada 22 aprilie, ora 10:00 p\u00e2n\u0103 la 24 aprilie, ora 10:00. \u00cen ziua de miercuri, se preconizeaz\u0103 precipita\u021bii mixte \u00een zonele montane, iar ocazional, \u00een estul \u0219i sudul Transilvaniei.<\/p>\n<p class=\"font-claude-response-body break-words whitespace-normal leading-[1.7]\">La altitudini mai mari de 1.400 m, \u00een Carpa\u021bii Meridionali \u0219i Orientali, se vor \u00eenregistra ninsori, iar stratul de z\u0103pad\u0103 proasp\u0103t\u0103 va atinge o medie de 5 cm.<\/p>\n<p><strong>Vreme rece \u0219i brum\u0103 \u00een regiunile intracarpatice<\/strong><\/p>\n<p class=\"font-claude-response-body break-words whitespace-normal leading-[1.7]\">\u00cen zilele de miercuri \u0219i joi, vremea va fi mai rece dec\u00e2t \u00een mod obi\u0219nuit pentru aceast\u0103 perioad\u0103. Noaptea, pe alocuri, se va forma brum\u0103.<\/p>\n<p class=\"font-claude-response-body break-words whitespace-normal leading-[1.7]\">Cele mai afectate zone vor fi regiunile intracarpatice \u0219i zonele deluroase din restul \u021b\u0103rii.<\/p>\n","protected":false},"excerpt":{"rendered":"<p>Prognoza meteo ANM a anun\u021bat o perioad\u0103 instabil\u0103 \u00een Rom\u00e2nia \u00eentre 22 \u0219i 24 aprilie, caracterizat\u0103 prin alerte de tip Cod portocaliu \u0219i Cod galben. Printre fenomenele meteo semnificative se num\u0103r\u0103 v\u00e2ntul puternic, ninsorile \u00een zonele montane \u0219i bruma nocturn\u0103. Cod portocaliu de v\u00e2nt: Jude\u021bele afectate joi \u00cen intervalul 23 aprilie, ora 12:00 \u2013 23 [&hellip;]<\/p>\n","protected":false},"author":5,"featured_media":16850,"comment_status":"open","ping_status":"open","sticky":false,"template":"","format":"standard","meta":{"jnews-multi-image_gallery":[],"jnews_single_post":[],"jnews_primary_category":[],"jnews_override_counter":[],"footnotes":""},"categories":[45],"tags":[13053,1145,196,1140,127,141,149,994],"class_list":["post-16849","post","type-post","status-publish","format-standard","has-post-thumbnail","hentry","category-meteo","tag-bruma","tag-carpati","tag-cod-galben","tag-cod-portocaliu","tag-ninsori","tag-prognoza-meteo","tag-romania","tag-vant-puternic"],"_links":{"self":[{"href":"https:\/\/www.newsrecorder.ro\/app\/wp-json\/wp\/v2\/posts\/16849","targetHints":{"allow":["GET"]}}],"collection":[{"href":"https:\/\/www.newsrecorder.ro\/app\/wp-json\/wp\/v2\/posts"}],"about":[{"href":"https:\/\/www.newsrecorder.ro\/app\/wp-json\/wp\/v2\/types\/post"}],"author":[{"embeddable":true,"href":"https:\/\/www.newsrecorder.ro\/app\/wp-json\/wp\/v2\/users\/5"}],"replies":[{"embeddable":true,"href":"https:\/\/www.newsrecorder.ro\/app\/wp-json\/wp\/v2\/comments?post=16849"}],"version-history":[{"count":0,"href":"https:\/\/www.newsrecorder.ro\/app\/wp-json\/wp\/v2\/posts\/16849\/revisions"}],"wp:featuredmedia":[{"embeddable":true,"href":"https:\/\/www.newsrecorder.ro\/app\/wp-json\/wp\/v2\/media\/16850"}],"wp:attachment":[{"href":"https:\/\/www.newsrecorder.ro\/app\/wp-json\/wp\/v2\/media?parent=16849"}],"wp:term":[{"taxonomy":"category","embeddable":true,"href":"https:\/\/www.newsrecorder.ro\/app\/wp-json\/wp\/v2\/categories?post=16849"},{"taxonomy":"post_tag","embeddable":true,"href":"https:\/\/www.newsrecorder.ro\/app\/wp-json\/wp\/v2\/tags?post=16849"}],"curies":[{"name":"wp","href":"https:\/\/api.w.org\/{rel}","templated":true}]}}