{"id":16873,"date":"2026-04-30T20:10:00","date_gmt":"2026-04-30T20:10:00","guid":{"rendered":"https:\/\/www.newsrecorder.ro\/app\/2026\/04\/30\/descopera-hartile-istorice-ale-romaniei-cu-alba-iulia-in-centru\/"},"modified":"2026-04-30T20:10:00","modified_gmt":"2026-04-30T20:10:00","slug":"descopera-hartile-istorice-ale-romaniei-cu-alba-iulia-in-centru","status":"publish","type":"post","link":"https:\/\/www.newsrecorder.ro\/app\/2026\/04\/30\/descopera-hartile-istorice-ale-romaniei-cu-alba-iulia-in-centru\/","title":{"rendered":"Descoper\u0103 h\u0103r\u021bile istorice ale Rom\u00e2niei, cu Alba-Iulia \u00een centru!"},"content":{"rendered":"<p>Victor Negrescu a f\u0103cut o descoperire remarcabil\u0103 \u00een biblioteca Adun\u0103rii Na\u021bionale a Republicii Franceze, pe care a \u00eemp\u0103rt\u0103\u0219it-o cu urm\u0103ritorii s\u0103i pe pagina sa de Facebook.<\/p>\n<p>Printre artefactele g\u0103site se num\u0103r\u0103 \u201eo parte din istoria noastr\u0103: h\u0103r\u021bi istorice ale Rom\u00e2niei \u0219i Transilvaniei, cu Alba Iulia \u00een centrul aten\u021biei, \u0219i o scrisoare semnat\u0103 de Tache Ionescu. Aceasta reprezint\u0103 un memento puternic c\u0103 destinul Rom\u00e2niei a fost str\u00e2ns legat de Fran\u021ba \u0219i de Europa, indiferent de perioada sau contextul politic\u201d, a declarat el.<\/p>\n<p>Negrescu a subliniat \u0219i semnifica\u021bia personal\u0103 a acestui moment. \u201eAm studiat \u0219i activat politic \u00een Fran\u021ba, iar revenirea la Paris, al\u0103turi de o delega\u021bie format\u0103 din reprezentan\u021bi ai mai multor grupuri politice, sub conducerea pre\u0219edintelui Camerei Deputa\u021bilor, Sorin Grindeanu, c\u0103ruia \u00eei mul\u021bumesc pentru invita\u021bie, are o semnifica\u021bie special\u0103 pentru mine. Discu\u021biile avute cu pre\u0219edinta Adun\u0103rii Na\u021bionale, doamna Ya\u00ebl Braun-Pivet, \u0219i colegii parlamentari s-au axat pe o Rom\u00e2nie ferm ancorat\u0103 \u00een proiectul pro-european, care \u00ee\u0219i construie\u0219te parteneriate solide cu toate statele membre, \u00een special cu Fran\u021ba\u201d, a ad\u0103ugat el.<\/p>\n<p>Europarlamentarul a subliniat importan\u021ba intensific\u0103rii cooper\u0103rii economice \u0219i colabor\u0103rii \u00een cadrul Mercosur, precum \u0219i \u00een ceea ce prive\u0219te bugetul european. De asemenea, el a eviden\u021biat necesitatea consolid\u0103rii dimensiunii de ap\u0103rare.<\/p>\n<p>Negrescu a men\u021bionat c\u0103 prezen\u021ba militar\u0103 francez\u0103 \u00een Rom\u00e2nia este o dovad\u0103 a angajamentului Fran\u021bei \u00een regiune \u0219i subliniaz\u0103 importan\u021ba coordon\u0103rii pe subiecte de interes comun pentru ambele p\u0103r\u021bi.<\/p>\n","protected":false},"excerpt":{"rendered":"<p>Victor Negrescu a f\u0103cut o descoperire remarcabil\u0103 \u00een biblioteca Adun\u0103rii Na\u021bionale a Republicii Franceze, pe care a \u00eemp\u0103rt\u0103\u0219it-o cu urm\u0103ritorii s\u0103i pe pagina sa de Facebook. Printre artefactele g\u0103site se num\u0103r\u0103 \u201eo parte din istoria noastr\u0103: h\u0103r\u021bi istorice ale Rom\u00e2niei \u0219i Transilvaniei, cu Alba Iulia \u00een centrul aten\u021biei, \u0219i o scrisoare semnat\u0103 de Tache Ionescu. [&hellip;]<\/p>\n","protected":false},"author":7,"featured_media":16874,"comment_status":"open","ping_status":"open","sticky":false,"template":"","format":"standard","meta":{"jnews-multi-image_gallery":[],"jnews_single_post":[],"jnews_primary_category":[],"jnews_override_counter":[],"footnotes":""},"categories":[43],"tags":[19123,699,473,19124,149,18973,263,3912],"class_list":["post-16873","post","type-post","status-publish","format-standard","has-post-thumbnail","hentry","category-cultura","tag-biblioteca-adunarii-nationale","tag-europa","tag-franta","tag-harti-istorice","tag-romania","tag-tache-ionescu","tag-transilvania","tag-victor-negrescu"],"_links":{"self":[{"href":"https:\/\/www.newsrecorder.ro\/app\/wp-json\/wp\/v2\/posts\/16873","targetHints":{"allow":["GET"]}}],"collection":[{"href":"https:\/\/www.newsrecorder.ro\/app\/wp-json\/wp\/v2\/posts"}],"about":[{"href":"https:\/\/www.newsrecorder.ro\/app\/wp-json\/wp\/v2\/types\/post"}],"author":[{"embeddable":true,"href":"https:\/\/www.newsrecorder.ro\/app\/wp-json\/wp\/v2\/users\/7"}],"replies":[{"embeddable":true,"href":"https:\/\/www.newsrecorder.ro\/app\/wp-json\/wp\/v2\/comments?post=16873"}],"version-history":[{"count":0,"href":"https:\/\/www.newsrecorder.ro\/app\/wp-json\/wp\/v2\/posts\/16873\/revisions"}],"wp:featuredmedia":[{"embeddable":true,"href":"https:\/\/www.newsrecorder.ro\/app\/wp-json\/wp\/v2\/media\/16874"}],"wp:attachment":[{"href":"https:\/\/www.newsrecorder.ro\/app\/wp-json\/wp\/v2\/media?parent=16873"}],"wp:term":[{"taxonomy":"category","embeddable":true,"href":"https:\/\/www.newsrecorder.ro\/app\/wp-json\/wp\/v2\/categories?post=16873"},{"taxonomy":"post_tag","embeddable":true,"href":"https:\/\/www.newsrecorder.ro\/app\/wp-json\/wp\/v2\/tags?post=16873"}],"curies":[{"name":"wp","href":"https:\/\/api.w.org\/{rel}","templated":true}]}}