{"id":16881,"date":"2026-04-30T20:12:14","date_gmt":"2026-04-30T20:12:14","guid":{"rendered":"https:\/\/www.newsrecorder.ro\/app\/2026\/04\/30\/patru-frati-acuza-michael-jackson-in-fata-justitiei-din-nou\/"},"modified":"2026-04-30T20:12:14","modified_gmt":"2026-04-30T20:12:14","slug":"patru-frati-acuza-michael-jackson-in-fata-justitiei-din-nou","status":"publish","type":"post","link":"https:\/\/www.newsrecorder.ro\/app\/2026\/04\/30\/patru-frati-acuza-michael-jackson-in-fata-justitiei-din-nou\/","title":{"rendered":"Patru fra\u021bi acuz\u0103: Michael Jackson, \u00een fa\u021ba justi\u021biei din nou!"},"content":{"rendered":"<p>Cei patru reclaman\u021bi \u00een acest caz, Edward, Dominic, Marie-Nicole \u0219i Aldo Cascio, sus\u021bin c\u0103 au fost victime ale abuzurilor comise de Michael Jackson \u00een timpul copil\u0103riei lor. Ac\u021biunea legal\u0103 a fost ini\u021biat\u0103 \u00een luna februarie a acestui an la un tribunal federal din Los Angeles. De asemenea, un alt frate, Frank Cascio, a declarat c\u0103 \u0219i el a fost afectat de comportamentul artistului, \u00eens\u0103 nu s-a al\u0103turat procesului din motive legale. Aceste acuza\u021bii au fost f\u0103cute publice recent, \u00een urma unui interviu acordat de reclaman\u021bi pentru <a href=\"https:\/\/www.nytimes.com\/2026\/04\/24\/arts\/music\/michael-jackson-second-family-cascio.html\" target=\"_blank\" rel=\"noopener\">The New York Times<\/a>.<\/p>\n<p>Familia Cascio a avut o leg\u0103tur\u0103 str\u00e2ns\u0103 cu Michael Jackson \u00eenc\u0103 din anii &#8217;80, c\u00e2nd tat\u0103l copiilor gestiona un hotel din Manhattan, unde artistul se caza frecvent. Pe parcursul anilor, ace\u0219tia au petrecut mult timp al\u0103turi de starul pop, inclusiv la re\u0219edin\u021ba sa emblematic\u0103, Neverland Ranch. Fra\u021bii Cascio l-au \u00eenso\u021bit pe Jackson \u00een turnee \u0219i au participat la numeroase concerte, fiind considera\u021bi parte din cercul s\u0103u apropiat. P\u00e2n\u0103 de cur\u00e2nd, ace\u0219tia au sus\u021binut cu t\u0103rie nevinov\u0103\u021bia artistului. \u00cen 2010, au ap\u0103rut \u00een emisiunea The Oprah Winfrey Show, unde au negat vehement orice comportament inadecvat din partea lui Jackson. Frank Cascio a publicat chiar \u00een 2011 o carte \u00een care detaliaz\u0103 rela\u021bia sa cu artistul \u0219i respinge acuza\u021biile din acea perioad\u0103. Acum, reclaman\u021bii afirm\u0103 c\u0103 declara\u021biile lor anterioare au fost \u201eminciuni\u201d \u0219i c\u0103 au fost manipula\u021bi psihologic \u00een copil\u0103rie.<\/p>\n<p>Trei dintre fra\u021bi au oferit m\u0103rturii detaliate despre abuzurile pe care sus\u021bin c\u0103 le-au suferit, afirm\u00e2nd c\u0103 acestea au avut loc at\u00e2t \u00een casa lor, c\u00e2t \u0219i \u00een timpul c\u0103l\u0103toriilor cu Michael Jackson. Ei au explicat c\u0103 nu au vorbit despre aceste experien\u021be traumatizante p\u00e2n\u0103 \u00een 2020, c\u00e2nd au vizionat documentarul Leaving Neverland, care a readus \u00een aten\u021bia publicului acuza\u021bii similare din partea altor victime. Mama lor a confirmat ulterior c\u0103 nu avea cuno\u0219tin\u021b\u0103 despre aceste evenimente \u00een acea perioad\u0103. Avoca\u021bii lui Michael Jackson Estate au respins acuza\u021biile, caracteriz\u00e2nd procesul drept \u201eo tentativ\u0103 disperat\u0103 de a ob\u021bine bani\u201d \u0219i sus\u021bin\u00e2nd c\u0103 reclaman\u021bii \u0219i-au schimbat declara\u021biile de mai multe ori de-a lungul timpului. Precedentul acord extrajudiciar pe care familia Cascio l-a \u00eencheiat cu reprezentan\u021bii averii lui Jackson, estimat la aproximativ 17 milioane de dolari, a fost urmat de o cerere de desp\u0103gubiri suplimentare de peste 200 de milioane de dolari, cerere care a fost respins\u0103, ceea ce a dus la noul proces.<\/p>\n<p>Aceast\u0103 situa\u021bie reaprinde controversele legate de Michael Jackson, artist acuzat de abuzuri \u00eenc\u0103 din 1993. De-a lungul anilor, au avut loc multiple investiga\u021bii \u0219i procese, iar \u00een 2005, artistul a fost achitat \u00eentr-un caz penal major. Noul proces aduce din nou \u00een discu\u021bie mo\u0219tenirea artistic\u0103 \u0219i imaginea public\u0103 a c\u00e2nt\u0103re\u021bului, \u00eentr-un moment \u00een care industria muzical\u0103 caut\u0103 s\u0103-i reabiliteze reputa\u021bia, inclusiv prin lansarea recent\u0103 a unui <a href=\"https:\/\/www.mediafax.ro\/cultura-media\/vizualizarile-pieselor-lui-michael-jackson-au-crescut-cu-95-in-sua-dupa-lansarea-filmului-michael-23727529\" target=\"_blank\" rel=\"noopener\">film biografic dedicat vie\u021bii sale<\/a>. Procesul se afl\u0103 \u00een stadiu incipient, iar instan\u021ba urmeaz\u0103 s\u0103 decid\u0103 dac\u0103 acuza\u021biile pot fi sus\u021binute \u00een fa\u021ba legii.<\/p>\n","protected":false},"excerpt":{"rendered":"<p>Cei patru reclaman\u021bi \u00een acest caz, Edward, Dominic, Marie-Nicole \u0219i Aldo Cascio, sus\u021bin c\u0103 au fost victime ale abuzurilor comise de Michael Jackson \u00een timpul copil\u0103riei lor. Ac\u021biunea legal\u0103 a fost ini\u021biat\u0103 \u00een luna februarie a acestui an la un tribunal federal din Los Angeles. De asemenea, un alt frate, Frank Cascio, a declarat c\u0103 [&hellip;]<\/p>\n","protected":false},"author":7,"featured_media":16882,"comment_status":"open","ping_status":"open","sticky":false,"template":"","format":"standard","meta":{"jnews-multi-image_gallery":[],"jnews_single_post":[],"jnews_primary_category":[],"jnews_override_counter":[],"footnotes":""},"categories":[43],"tags":[2559,13681,18859,1870,15759,18860,2495,18438],"class_list":["post-16881","post","type-post","status-publish","format-standard","has-post-thumbnail","hentry","category-cultura","tag-abuzuri","tag-copilarie","tag-familia-cascio","tag-interviu","tag-michael-jackson","tag-neverland-ranch","tag-proces","tag-tribunal-federal"],"_links":{"self":[{"href":"https:\/\/www.newsrecorder.ro\/app\/wp-json\/wp\/v2\/posts\/16881","targetHints":{"allow":["GET"]}}],"collection":[{"href":"https:\/\/www.newsrecorder.ro\/app\/wp-json\/wp\/v2\/posts"}],"about":[{"href":"https:\/\/www.newsrecorder.ro\/app\/wp-json\/wp\/v2\/types\/post"}],"author":[{"embeddable":true,"href":"https:\/\/www.newsrecorder.ro\/app\/wp-json\/wp\/v2\/users\/7"}],"replies":[{"embeddable":true,"href":"https:\/\/www.newsrecorder.ro\/app\/wp-json\/wp\/v2\/comments?post=16881"}],"version-history":[{"count":0,"href":"https:\/\/www.newsrecorder.ro\/app\/wp-json\/wp\/v2\/posts\/16881\/revisions"}],"wp:featuredmedia":[{"embeddable":true,"href":"https:\/\/www.newsrecorder.ro\/app\/wp-json\/wp\/v2\/media\/16882"}],"wp:attachment":[{"href":"https:\/\/www.newsrecorder.ro\/app\/wp-json\/wp\/v2\/media?parent=16881"}],"wp:term":[{"taxonomy":"category","embeddable":true,"href":"https:\/\/www.newsrecorder.ro\/app\/wp-json\/wp\/v2\/categories?post=16881"},{"taxonomy":"post_tag","embeddable":true,"href":"https:\/\/www.newsrecorder.ro\/app\/wp-json\/wp\/v2\/tags?post=16881"}],"curies":[{"name":"wp","href":"https:\/\/api.w.org\/{rel}","templated":true}]}}