{"id":16887,"date":"2026-04-30T20:49:56","date_gmt":"2026-04-30T20:49:56","guid":{"rendered":"https:\/\/www.newsrecorder.ro\/app\/2026\/04\/30\/austriacul-acuzat-de-complot-terorist-la-concertul-taylor-swift-incepere-proces\/"},"modified":"2026-04-30T20:49:56","modified_gmt":"2026-04-30T20:49:56","slug":"austriacul-acuzat-de-complot-terorist-la-concertul-taylor-swift-incepere-proces","status":"publish","type":"post","link":"https:\/\/www.newsrecorder.ro\/app\/2026\/04\/30\/austriacul-acuzat-de-complot-terorist-la-concertul-taylor-swift-incepere-proces\/","title":{"rendered":"Austriacul acuzat de complot terorist la concertul Taylor Swift, \u00eencepere proces!"},"content":{"rendered":"<p>Un t\u00e2n\u0103r austriac, acuzat de complotarea unui atac terorist asupra unui concert al celebrei c\u00e2nt\u0103re\u021be <a href=\"https:\/\/www.mediafax.ro\/externe\/ai-vs-artisti-taylor-swift-isi-protejeaza-vocea-in-fata-deepfake-urilor-23727570\">Taylor Swift<\/a>, \u00ee\u0219i va afla soarta mar\u021bi, \u00eentr-un proces care scoate la lumin\u0103 fragilitatea securit\u0103\u021bii \u00een cadrul evenimentelor culturale de amploare.<\/p>\n<p>Inculpatul, Beran A., un austriac \u00een v\u00e2rst\u0103 de 21 de ani, este judecat la Wiener Neustadt, \u00een apropiere de capitala Austriei, Viena. Acesta se confrunt\u0103 cu acuza\u021bii grave de terorism \u0219i apartenen\u021b\u0103 la organiza\u021bia extremist\u0103 Stat Islamic, risc\u00e2nd o pedeaps\u0103 de p\u00e2n\u0103 la 20 de ani de \u00eenchisoare.<\/p>\n<p>Procurorii sus\u021bin c\u0103 Beran A. a pl\u0103nuit un atac devastator asupra mul\u021bimii adunate \u00een fa\u021ba stadionului Ernst Happel Stadium, unde Taylor Swift urma s\u0103 sus\u021bin\u0103 concerte \u00een luna august a anului 2024. Aproximativ 30.000 de fani erau a\u0219tepta\u021bi zilnic \u00een exteriorul arenei, pe l\u00e2ng\u0103 al\u021bi 65.000 de spectatori care urmau s\u0103 fie prezen\u021bi \u00een interior.<\/p>\n<p>Planul terorist al inculpatului includea utilizarea de cu\u021bite \u0219i explozibili artizanali, av\u00e2nd ca scop provocarea unui num\u0103r c\u00e2t mai mare de victime. Din fericire, autorit\u0103\u021bile austriece au reu\u0219it s\u0103 intervin\u0103 \u00eenainte de desf\u0103\u0219urarea atacului, gra\u021bie unor informa\u021bii primite \u0219i de la agen\u021biile de securitate americane.<\/p>\n<p>Ca urmare a acestei amenin\u021b\u0103ri, cele trei concerte programate au fost anulate, o decizie care a generat emo\u021bii intense \u00een r\u00e2ndul fanilor artistei. Comunitatea \u201eSwifties\u201d a reac\u021bionat rapid, transform\u00e2nd ora\u0219ul \u00eentr-un simbol al unit\u0103\u021bii, cu schimburi de br\u0103\u021b\u0103ri ale prieteniei \u0219i momente muzicale colective.<\/p>\n<p>Beran A. nu este singurul suspect implicat \u00een acest caz. El este judecat al\u0103turi de Arda K., un alt individ implicat \u00eentr-un complot mai amplu, care viza atacuri coordonate \u00een Arabia Saudit\u0103, Turcia \u0219i Emiratele Arabe Unite, \u00een timpul Ramadanului din 2024. Un al treilea suspect, Hasan E., a atacat un agent de securitate la Marea Moschee din Mecca pe 11 martie 2024 \u0219i se afl\u0103 \u00een prezent \u00een arest preventiv \u00een Arabia Saudit\u0103.<\/p>\n<p>Procurorii afirm\u0103 c\u0103 inculpa\u021bii au discutat despre cump\u0103rarea de arme \u0219i fabricarea de bombe, iar Beran A. ar fi \u00eencercat s\u0103 ob\u021bin\u0103 ilegal armament \u00eenainte de concert. O perchezi\u021bie efectuat\u0103 pe 7 august 2024 a scos la iveal\u0103 materiale pentru dispozitive explozive \u00een locuin\u021ba acestuia.<\/p>\n<p>Cazul a generat compara\u021bii cu atentatul din 2017 de la concertul Arianei Grande din Manchester, un atac sinuciga\u0219 care a dus la moartea a 22 de persoane \u0219i a ridicat semne de \u00eentrebare cu privire la securitatea evenimentelor publice. Dup\u0103 anularea concertelor din Viena, Taylor Swift a declarat c\u0103 situa\u021bia este \u201edevastatoare\u201d, exprim\u00e2ndu-\u0219i frica \u0219i vinov\u0103\u021bia fa\u021b\u0103 de decizia luat\u0103.<\/p>\n<p>Avocata lui Beran A. a anun\u021bat c\u0103 t\u00e2n\u0103rul inten\u021bioneaz\u0103 s\u0103 pledeze vinovat pentru majoritatea acuza\u021biilor, f\u0103r\u0103 a specifica exact care sunt acestea. Procesul va continua pe 12 mai \u0219i ar putea oferi detalii esen\u021biale despre amploarea re\u021belei \u0219i gradul de radicalizare al inculpa\u021bilor.<\/p>\n<p>Acest caz subliniaz\u0103 din nou tensiunea existent\u0103 \u00eentre libertatea cultural\u0103 \u0219i necesitatea de securitate, \u00eentr-o Europ\u0103 unde amenin\u021barea terorist\u0103 reprezint\u0103 \u00een continuare o realitate \u00eengrijor\u0103toare.<\/p>\n","protected":false},"excerpt":{"rendered":"<p>Un t\u00e2n\u0103r austriac, acuzat de complotarea unui atac terorist asupra unui concert al celebrei c\u00e2nt\u0103re\u021be Taylor Swift, \u00ee\u0219i va afla soarta mar\u021bi, \u00eentr-un proces care scoate la lumin\u0103 fragilitatea securit\u0103\u021bii \u00een cadrul evenimentelor culturale de amploare. Inculpatul, Beran A., un austriac \u00een v\u00e2rst\u0103 de 21 de ani, este judecat la Wiener Neustadt, \u00een apropiere de [&hellip;]<\/p>\n","protected":false},"author":7,"featured_media":16888,"comment_status":"open","ping_status":"open","sticky":false,"template":"","format":"standard","meta":{"jnews-multi-image_gallery":[],"jnews_single_post":[],"jnews_primary_category":[],"jnews_override_counter":[],"footnotes":""},"categories":[43],"tags":[2188,19134,586,2495,874,18761,18759,19135],"class_list":["post-16887","post","type-post","status-publish","format-standard","has-post-thumbnail","hentry","category-cultura","tag-atac-terorist","tag-austriac","tag-concert","tag-proces","tag-securitate","tag-stat-islamic","tag-taylor-swift","tag-wiener-neustadt"],"_links":{"self":[{"href":"https:\/\/www.newsrecorder.ro\/app\/wp-json\/wp\/v2\/posts\/16887","targetHints":{"allow":["GET"]}}],"collection":[{"href":"https:\/\/www.newsrecorder.ro\/app\/wp-json\/wp\/v2\/posts"}],"about":[{"href":"https:\/\/www.newsrecorder.ro\/app\/wp-json\/wp\/v2\/types\/post"}],"author":[{"embeddable":true,"href":"https:\/\/www.newsrecorder.ro\/app\/wp-json\/wp\/v2\/users\/7"}],"replies":[{"embeddable":true,"href":"https:\/\/www.newsrecorder.ro\/app\/wp-json\/wp\/v2\/comments?post=16887"}],"version-history":[{"count":0,"href":"https:\/\/www.newsrecorder.ro\/app\/wp-json\/wp\/v2\/posts\/16887\/revisions"}],"wp:featuredmedia":[{"embeddable":true,"href":"https:\/\/www.newsrecorder.ro\/app\/wp-json\/wp\/v2\/media\/16888"}],"wp:attachment":[{"href":"https:\/\/www.newsrecorder.ro\/app\/wp-json\/wp\/v2\/media?parent=16887"}],"wp:term":[{"taxonomy":"category","embeddable":true,"href":"https:\/\/www.newsrecorder.ro\/app\/wp-json\/wp\/v2\/categories?post=16887"},{"taxonomy":"post_tag","embeddable":true,"href":"https:\/\/www.newsrecorder.ro\/app\/wp-json\/wp\/v2\/tags?post=16887"}],"curies":[{"name":"wp","href":"https:\/\/api.w.org\/{rel}","templated":true}]}}