{"id":16893,"date":"2026-04-30T20:50:33","date_gmt":"2026-04-30T20:50:33","guid":{"rendered":"https:\/\/www.newsrecorder.ro\/app\/2026\/04\/30\/sorin-grindeanu-acuza-bolojan-foloseste-un-limbaj-fascist\/"},"modified":"2026-04-30T20:50:33","modified_gmt":"2026-04-30T20:50:33","slug":"sorin-grindeanu-acuza-bolojan-foloseste-un-limbaj-fascist","status":"publish","type":"post","link":"https:\/\/www.newsrecorder.ro\/app\/2026\/04\/30\/sorin-grindeanu-acuza-bolojan-foloseste-un-limbaj-fascist\/","title":{"rendered":"Sorin Grindeanu acuz\u0103: \u201eBolojan folose\u0219te un limbaj fascist!\u201d"},"content":{"rendered":"<p>\u00cen cadrul unei apari\u021bii de joi la Antena 3 CNN, pre\u0219edintele PSD, Sorin Grindeanu, a criticat vehement limbajul utilizat de premierul Ilie Bolojan, catalog\u00e2ndu-l drept \u201eun limbaj fascist\u201d. Liderul social-democrat a tras un semnal de alarm\u0103, afirm\u00e2nd c\u0103 remarcile lui Bolojan amintesc de propaganda fascist\u0103 a lui Goebbels din perioada premerg\u0103toare \u0219i din timpul celui de-al Doilea R\u0103zboi Mondial.<\/p>\n<p>Grindeanu a subliniat c\u0103 el nu se simte \u00eendrept\u0103\u021bit s\u0103 foloseasc\u0103 un asemenea discurs \u0219i a acuzat premierul de a eticheta f\u0103r\u0103 temei pe al\u021bii. \u201eBolojan pare s\u0103 aib\u0103 un feti\u0219 politic: a descoperit brusc c\u0103 a aprins lumina, av\u00e2nd o obsesie pentru c\u0103m\u0103ri, lumini aprinse \u0219i \u0219obolani\u201d, a declarat liderul PSD, eviden\u021biind ironia situa\u021biei.<\/p>\n<p>\u00cen plus, Grindeanu a pus la \u00eendoial\u0103 ac\u021biunile lui Bolojan, \u00eentreb\u00e2ndu-se de ce premierul nu a f\u0103cut pl\u00e2ngeri la institu\u021biile statului \u00een urma acestor \u201edescoperiri\u201d. \u201eSe poate ca el s\u0103 fie acuzat de t\u0103inuire\u201d, a concluzionat Grindeanu, suger\u00e2nd c\u0103 lipsa de ac\u021biune a premierului ridic\u0103 semne de \u00eentrebare asupra veridicit\u0103\u021bii afirma\u021biilor sale.<\/p>\n","protected":false},"excerpt":{"rendered":"<p>\u00cen cadrul unei apari\u021bii de joi la Antena 3 CNN, pre\u0219edintele PSD, Sorin Grindeanu, a criticat vehement limbajul utilizat de premierul Ilie Bolojan, catalog\u00e2ndu-l drept \u201eun limbaj fascist\u201d. Liderul social-democrat a tras un semnal de alarm\u0103, afirm\u00e2nd c\u0103 remarcile lui Bolojan amintesc de propaganda fascist\u0103 a lui Goebbels din perioada premerg\u0103toare \u0219i din timpul celui [&hellip;]<\/p>\n","protected":false},"author":2,"featured_media":16894,"comment_status":"open","ping_status":"open","sticky":false,"template":"","format":"standard","meta":{"jnews-multi-image_gallery":[],"jnews_single_post":[],"jnews_primary_category":[],"jnews_override_counter":[],"footnotes":""},"categories":[42],"tags":[6811,16368,302,10880,19138,453,300,637],"class_list":["post-16893","post","type-post","status-publish","format-standard","has-post-thumbnail","hentry","category-politica","tag-al-doilea-razboi-mondial","tag-critica-politica","tag-ilie-bolojan","tag-ironie","tag-limbaj-fascist","tag-propaganda","tag-psd","tag-sorin-grindeanu"],"_links":{"self":[{"href":"https:\/\/www.newsrecorder.ro\/app\/wp-json\/wp\/v2\/posts\/16893","targetHints":{"allow":["GET"]}}],"collection":[{"href":"https:\/\/www.newsrecorder.ro\/app\/wp-json\/wp\/v2\/posts"}],"about":[{"href":"https:\/\/www.newsrecorder.ro\/app\/wp-json\/wp\/v2\/types\/post"}],"author":[{"embeddable":true,"href":"https:\/\/www.newsrecorder.ro\/app\/wp-json\/wp\/v2\/users\/2"}],"replies":[{"embeddable":true,"href":"https:\/\/www.newsrecorder.ro\/app\/wp-json\/wp\/v2\/comments?post=16893"}],"version-history":[{"count":0,"href":"https:\/\/www.newsrecorder.ro\/app\/wp-json\/wp\/v2\/posts\/16893\/revisions"}],"wp:featuredmedia":[{"embeddable":true,"href":"https:\/\/www.newsrecorder.ro\/app\/wp-json\/wp\/v2\/media\/16894"}],"wp:attachment":[{"href":"https:\/\/www.newsrecorder.ro\/app\/wp-json\/wp\/v2\/media?parent=16893"}],"wp:term":[{"taxonomy":"category","embeddable":true,"href":"https:\/\/www.newsrecorder.ro\/app\/wp-json\/wp\/v2\/categories?post=16893"},{"taxonomy":"post_tag","embeddable":true,"href":"https:\/\/www.newsrecorder.ro\/app\/wp-json\/wp\/v2\/tags?post=16893"}],"curies":[{"name":"wp","href":"https:\/\/api.w.org\/{rel}","templated":true}]}}