{"id":16895,"date":"2026-04-30T20:50:42","date_gmt":"2026-04-30T20:50:42","guid":{"rendered":"https:\/\/www.newsrecorder.ro\/app\/2026\/04\/30\/grindeanu-nicio-ezitare-in-fata-unei-posibile-nominalizari-ca-premier\/"},"modified":"2026-04-30T20:50:42","modified_gmt":"2026-04-30T20:50:42","slug":"grindeanu-nicio-ezitare-in-fata-unei-posibile-nominalizari-ca-premier","status":"publish","type":"post","link":"https:\/\/www.newsrecorder.ro\/app\/2026\/04\/30\/grindeanu-nicio-ezitare-in-fata-unei-posibile-nominalizari-ca-premier\/","title":{"rendered":"Grindeanu: \u201eNicio ezitare\u201d \u00een fa\u021ba unei posibile nominaliz\u0103ri ca premier!"},"content":{"rendered":"<p>\u00cen cadrul emisiunii de joi seara de la Antena 3 CNN, pre\u0219edintele Partidului Social Democrat, Sorin Grindeanu, a discutat despre op\u021biunile pe care le are forma\u021biunea \u00een ceea ce prive\u0219te viitorul prim-ministru al Rom\u00e2niei.<\/p>\n<p>Grindeanu a afirmat clar: \u201ePartidul Social Democrat va nominaliza un prim-ministru dac\u0103 aceasta va fi solu\u021bia rezultat\u0103 \u00een urma consult\u0103rilor\u201d. Aceasta sugereaz\u0103 c\u0103 PSD este preg\u0103tit s\u0103 \u00ee\u0219i asume responsabilitatea \u00een procesul de formare a unui nou guvern, \u00een func\u021bie de circumstan\u021bele politice actuale.<\/p>\n<p>C\u00e2nd a fost \u00eentrebat dac\u0103 are re\u021bineri \u00een a accepta propunerea de a deveni premier, liderul PSD a r\u0103spuns cu \u00eencredere: \u201eDac\u0103 colegii mei vor dori acest lucru, nu am niciun fel de ezitare\u201d. Aceast\u0103 declara\u021bie sugereaz\u0103 o unitate \u00een r\u00e2ndul membrilor partidului \u0219i o dorin\u021b\u0103 de a colabora pentru binele PSD.<\/p>\n<p>Totu\u0219i, Sorin Grindeanu a subliniat c\u0103 PSD r\u0103m\u00e2ne deschis la diverse op\u021biuni \u0219i c\u0103 obiectivul principal este g\u0103sirea rapid\u0103 a unei solu\u021bii viabile pentru Rom\u00e2nia. Aceast\u0103 flexibilitate poate indica o abordare strategic\u0103 \u00een fa\u021ba provoc\u0103rilor politice actuale.<\/p>\n","protected":false},"excerpt":{"rendered":"<p>\u00cen cadrul emisiunii de joi seara de la Antena 3 CNN, pre\u0219edintele Partidului Social Democrat, Sorin Grindeanu, a discutat despre op\u021biunile pe care le are forma\u021biunea \u00een ceea ce prive\u0219te viitorul prim-ministru al Rom\u00e2niei. Grindeanu a afirmat clar: \u201ePartidul Social Democrat va nominaliza un prim-ministru dac\u0103 aceasta va fi solu\u021bia rezultat\u0103 \u00een urma consult\u0103rilor\u201d. Aceasta [&hellip;]<\/p>\n","protected":false},"author":2,"featured_media":16896,"comment_status":"open","ping_status":"open","sticky":false,"template":"","format":"standard","meta":{"jnews-multi-image_gallery":[],"jnews_single_post":[],"jnews_primary_category":[],"jnews_override_counter":[],"footnotes":""},"categories":[42],"tags":[19139,4696,13294,2152,443,319,637,19140],"class_list":["post-16895","post","type-post","status-publish","format-standard","has-post-thumbnail","hentry","category-politica","tag-consultari-politice","tag-guvern-romania","tag-optiuni-politice","tag-partidul-social-democrat","tag-prim-ministru","tag-responsabilitate","tag-sorin-grindeanu","tag-unitate-partid"],"_links":{"self":[{"href":"https:\/\/www.newsrecorder.ro\/app\/wp-json\/wp\/v2\/posts\/16895","targetHints":{"allow":["GET"]}}],"collection":[{"href":"https:\/\/www.newsrecorder.ro\/app\/wp-json\/wp\/v2\/posts"}],"about":[{"href":"https:\/\/www.newsrecorder.ro\/app\/wp-json\/wp\/v2\/types\/post"}],"author":[{"embeddable":true,"href":"https:\/\/www.newsrecorder.ro\/app\/wp-json\/wp\/v2\/users\/2"}],"replies":[{"embeddable":true,"href":"https:\/\/www.newsrecorder.ro\/app\/wp-json\/wp\/v2\/comments?post=16895"}],"version-history":[{"count":0,"href":"https:\/\/www.newsrecorder.ro\/app\/wp-json\/wp\/v2\/posts\/16895\/revisions"}],"wp:featuredmedia":[{"embeddable":true,"href":"https:\/\/www.newsrecorder.ro\/app\/wp-json\/wp\/v2\/media\/16896"}],"wp:attachment":[{"href":"https:\/\/www.newsrecorder.ro\/app\/wp-json\/wp\/v2\/media?parent=16895"}],"wp:term":[{"taxonomy":"category","embeddable":true,"href":"https:\/\/www.newsrecorder.ro\/app\/wp-json\/wp\/v2\/categories?post=16895"},{"taxonomy":"post_tag","embeddable":true,"href":"https:\/\/www.newsrecorder.ro\/app\/wp-json\/wp\/v2\/tags?post=16895"}],"curies":[{"name":"wp","href":"https:\/\/api.w.org\/{rel}","templated":true}]}}