{"id":16897,"date":"2026-04-30T20:50:55","date_gmt":"2026-04-30T20:50:55","guid":{"rendered":"https:\/\/www.newsrecorder.ro\/app\/2026\/04\/30\/sorin-grindeanu-modelul-bolojan-vs-nastratin-hogea-si-magarul\/"},"modified":"2026-04-30T20:50:55","modified_gmt":"2026-04-30T20:50:55","slug":"sorin-grindeanu-modelul-bolojan-vs-nastratin-hogea-si-magarul","status":"publish","type":"post","link":"https:\/\/www.newsrecorder.ro\/app\/2026\/04\/30\/sorin-grindeanu-modelul-bolojan-vs-nastratin-hogea-si-magarul\/","title":{"rendered":"Sorin Grindeanu: \u201eModelul Bolojan\u201d vs. Nastratin Hogea \u0219i m\u0103garul!"},"content":{"rendered":"<p>\u00centr-o recent\u0103 declara\u021bie, Sorin Grindeanu a fost \u00eentrebat despre m\u0103surile pe care le-ar lua pentru a remedia efectele deciziilor economice recente. El a afirmat clar c\u0103 modelul de austeritate adoptat nu a avut succes.<\/p>\n<p>\u201e\u00cen primul r\u00e2nd, este important s\u0103 subliniem c\u00e2teva aspecte care ne-au condus la aceast\u0103 situa\u021bie (&#8230;) Este evident c\u0103 modelul propus de Ilie Bolojan, centrat pe austeritate \u0219i pe t\u0103ieri, nu \u0219i-a \u00eendeplinit obiectivele\u201d, a declarat liderul PSD.<\/p>\n<p>Grindeanu a subliniat c\u0103 reducerea deficitului bugetar a fost realizat\u0103 prin restr\u00e2ngerea investi\u021biilor, ceea ce nu este o solu\u021bie sustenabil\u0103. \u201eAm observat ni\u0219te sus\u021bin\u0103tori care, binecunoscu\u021bi, afirmau c\u00e2t de bine st\u0103m: \u00een primul trimestru, deficitul este semnificativ mai mic dec\u00e2t \u00een aceea\u0219i perioad\u0103 a anului trecut\u201d, a ad\u0103ugat el.<\/p>\n<p>Cu toate acestea, Grindeanu a eviden\u021biat o realitate \u00eengrijor\u0103toare: cheltuielile publice au crescut. \u201e\u00cen primele trei luni, cheltuielile statului au crescut cu 1,2 miliarde fa\u021b\u0103 de 2025, iar investi\u021biile au sc\u0103zut cu 6,5%. \u00cen acest context, se poate observa o reducere a deficitului. Dar, este o situa\u021bie similar\u0103 cu povestea lui Nastratin Hogea \u0219i m\u0103garul. Nastratin l-a \u00eenv\u0103\u021bat pe m\u0103gar s\u0103 nu mai m\u0103n\u00e2nce \u0219i a fost foarte \u00eenc\u00e2ntat, dar, \u00een cele din urm\u0103, m\u0103garul a murit\u201d, a explicat el.<\/p>\n<p>\u201eAcum, v\u0103 \u00eentreb, cine este Nastratin \u00een aceast\u0103 poveste \u0219i cine este m\u0103garul, din p\u0103cate\u201d, a concluzionat Grindeanu, l\u0103s\u00e2nd o not\u0103 de reflec\u021bie asupra consecin\u021belor acestor decizii economice.<\/p>\n","protected":false},"excerpt":{"rendered":"<p>\u00centr-o recent\u0103 declara\u021bie, Sorin Grindeanu a fost \u00eentrebat despre m\u0103surile pe care le-ar lua pentru a remedia efectele deciziilor economice recente. El a afirmat clar c\u0103 modelul de austeritate adoptat nu a avut succes. \u201e\u00cen primul r\u00e2nd, este important s\u0103 subliniem c\u00e2teva aspecte care ne-au condus la aceast\u0103 situa\u021bie (&#8230;) Este evident c\u0103 modelul propus [&hellip;]<\/p>\n","protected":false},"author":2,"featured_media":16898,"comment_status":"open","ping_status":"open","sticky":false,"template":"","format":"standard","meta":{"jnews-multi-image_gallery":[],"jnews_single_post":[],"jnews_primary_category":[],"jnews_override_counter":[],"footnotes":""},"categories":[42],"tags":[2613,5423,298,302,420,2138,300,637],"class_list":["post-16897","post","type-post","status-publish","format-standard","has-post-thumbnail","hentry","category-politica","tag-austeritate","tag-cheltuieli-publice","tag-deficit-bugetar","tag-ilie-bolojan","tag-investitii","tag-masuri-economice","tag-psd","tag-sorin-grindeanu"],"_links":{"self":[{"href":"https:\/\/www.newsrecorder.ro\/app\/wp-json\/wp\/v2\/posts\/16897","targetHints":{"allow":["GET"]}}],"collection":[{"href":"https:\/\/www.newsrecorder.ro\/app\/wp-json\/wp\/v2\/posts"}],"about":[{"href":"https:\/\/www.newsrecorder.ro\/app\/wp-json\/wp\/v2\/types\/post"}],"author":[{"embeddable":true,"href":"https:\/\/www.newsrecorder.ro\/app\/wp-json\/wp\/v2\/users\/2"}],"replies":[{"embeddable":true,"href":"https:\/\/www.newsrecorder.ro\/app\/wp-json\/wp\/v2\/comments?post=16897"}],"version-history":[{"count":0,"href":"https:\/\/www.newsrecorder.ro\/app\/wp-json\/wp\/v2\/posts\/16897\/revisions"}],"wp:featuredmedia":[{"embeddable":true,"href":"https:\/\/www.newsrecorder.ro\/app\/wp-json\/wp\/v2\/media\/16898"}],"wp:attachment":[{"href":"https:\/\/www.newsrecorder.ro\/app\/wp-json\/wp\/v2\/media?parent=16897"}],"wp:term":[{"taxonomy":"category","embeddable":true,"href":"https:\/\/www.newsrecorder.ro\/app\/wp-json\/wp\/v2\/categories?post=16897"},{"taxonomy":"post_tag","embeddable":true,"href":"https:\/\/www.newsrecorder.ro\/app\/wp-json\/wp\/v2\/tags?post=16897"}],"curies":[{"name":"wp","href":"https:\/\/api.w.org\/{rel}","templated":true}]}}