{"id":16899,"date":"2026-04-30T20:51:08","date_gmt":"2026-04-30T20:51:08","guid":{"rendered":"https:\/\/www.newsrecorder.ro\/app\/2026\/04\/30\/psd-promite-masuri-sociale-dar-nu-inainte-de-a-ajunge-la-guvernare\/"},"modified":"2026-04-30T20:51:08","modified_gmt":"2026-04-30T20:51:08","slug":"psd-promite-masuri-sociale-dar-nu-inainte-de-a-ajunge-la-guvernare","status":"publish","type":"post","link":"https:\/\/www.newsrecorder.ro\/app\/2026\/04\/30\/psd-promite-masuri-sociale-dar-nu-inainte-de-a-ajunge-la-guvernare\/","title":{"rendered":"PSD promite m\u0103suri sociale, dar nu \u00eenainte de a ajunge la guvernare!"},"content":{"rendered":"<p>Sorin Grindeanu a fost invitat, joi seara, la emisiunea de la Antena 3 CNN, unde a fost \u00eentrebat despre inten\u021biile PSD \u00een cazul \u00een care partidul s\u0103u revine la guvernare, \u00een special \u00een ceea ce prive\u0219te contribu\u021biile la s\u0103n\u0103tate pentru mame \u0219i pensionari.<\/p>\n<p>\u201eEste propunerea noastr\u0103, a\u0219a cum \u0219ti\u021bi deja. Trebuie s\u0103 fim transparen\u021bi: Comisia European\u0103 a solicitat ca pensionarii, \u00eencep\u00e2nd cu o anumit\u0103 valoare a pensiei, s\u0103 pl\u0103teasc\u0103 contribu\u021bii pentru asigur\u0103rile de s\u0103n\u0103tate. Acest lucru trebuie clarificat. Adev\u0103rul trebuie spus a\u0219a cum este. Exist\u0103 excese \u00een ceea ce \u00eei prive\u0219te pe mame, veterani de r\u0103zboi \u0219i de\u021binu\u021bi politici. \u00cen cazul mamelor, consider c\u0103 este un gest firesc s\u0103 facem ajust\u0103ri. \u00cen ceea ce prive\u0219te pensionarii, contribu\u021biile ar trebui aplicate de la o anumit\u0103 pensie \u00een sus. Aceste cerin\u021be provin de la Comisie. Totu\u0219i, nu \u00een\u021beleg de ce nu s-au implementat aceste m\u0103suri de la 3.000 de lei \u00een sus, mai ales \u00een contextul unei infla\u021bii de 10% care ar trebui reflectat\u0103 \u00een calculul acestor contribu\u021bii\u201d, a explicat Sorin Grindeanu.<\/p>\n<p>Referitor la reducerea TVA-ului la 19%, a\u0219a cum a men\u021bionat primarul Craiovei, Lia Olgu\u021ba Vasilescu, Grindeanu a afirmat c\u0103 acest lucru se va \u00eent\u00e2mpla \u201eatunci c\u00e2nd politicile economice vor fi eficiente \u0219i \u00ee\u0219i vor atinge obiectivele. Este esen\u021bial s\u0103 repornim economia \u0219i s\u0103 stimul\u0103m investi\u021biile, fie ele na\u021bionale sau locale\u201d.<\/p>\n<p>\u201eTrebuie s\u0103 relu\u0103m programele na\u021bionale care au fost reduse f\u0103r\u0103 nicio justificare. De exemplu, programul RABLA, care aducea beneficii statului, \u00eencuraja ocuparea for\u021bat\u0103 de munc\u0103 \u00een industriile din Rom\u00e2nia. Atunci c\u00e2nd aceste m\u0103suri vor avea un impact pozitiv asupra economiei, toat\u0103 lumea \u00ee\u0219i va dori reducerea impozitelor. Nimeni nu este \u00eempotriva acestui lucru, dar este nevoie de \u00eencredere. \u00cen prezent, cet\u0103\u021benii sunt \u00eengrijora\u021bi \u0219i, drept urmare, consumul a sc\u0103zut constant \u00een ultimele \u0219apte luni. Este necesar s\u0103 oferim \u00eencredere \u0219i investitorilor, dar \u0219i tuturor celor care \u00eencearc\u0103 s\u0103 reporneasc\u0103 economia. F\u0103r\u0103 speran\u021b\u0103, nu putem a\u0219tepta rezultate. Din p\u0103cate, acest guvern nu mai ofer\u0103 speran\u021b\u0103 \u0219i, \u00een consecin\u021b\u0103, trebuie s\u0103 se retrag\u0103\u201d, a concluzionat pre\u0219edintele PSD. <\/p>\n","protected":false},"excerpt":{"rendered":"<p>Sorin Grindeanu a fost invitat, joi seara, la emisiunea de la Antena 3 CNN, unde a fost \u00eentrebat despre inten\u021biile PSD \u00een cazul \u00een care partidul s\u0103u revine la guvernare, \u00een special \u00een ceea ce prive\u0219te contribu\u021biile la s\u0103n\u0103tate pentru mame \u0219i pensionari. \u201eEste propunerea noastr\u0103, a\u0219a cum \u0219ti\u021bi deja. Trebuie s\u0103 fim transparen\u021bi: Comisia [&hellip;]<\/p>\n","protected":false},"author":2,"featured_media":16900,"comment_status":"open","ping_status":"open","sticky":false,"template":"","format":"standard","meta":{"jnews-multi-image_gallery":[],"jnews_single_post":[],"jnews_primary_category":[],"jnews_override_counter":[],"footnotes":""},"categories":[42],"tags":[4091,499,19141,526,12335,2156,300,637],"class_list":["post-16899","post","type-post","status-publish","format-standard","has-post-thumbnail","hentry","category-politica","tag-ajustari","tag-comisia-europeana","tag-contributii-sanatate","tag-guvernare","tag-mame","tag-pensionari","tag-psd","tag-sorin-grindeanu"],"_links":{"self":[{"href":"https:\/\/www.newsrecorder.ro\/app\/wp-json\/wp\/v2\/posts\/16899","targetHints":{"allow":["GET"]}}],"collection":[{"href":"https:\/\/www.newsrecorder.ro\/app\/wp-json\/wp\/v2\/posts"}],"about":[{"href":"https:\/\/www.newsrecorder.ro\/app\/wp-json\/wp\/v2\/types\/post"}],"author":[{"embeddable":true,"href":"https:\/\/www.newsrecorder.ro\/app\/wp-json\/wp\/v2\/users\/2"}],"replies":[{"embeddable":true,"href":"https:\/\/www.newsrecorder.ro\/app\/wp-json\/wp\/v2\/comments?post=16899"}],"version-history":[{"count":0,"href":"https:\/\/www.newsrecorder.ro\/app\/wp-json\/wp\/v2\/posts\/16899\/revisions"}],"wp:featuredmedia":[{"embeddable":true,"href":"https:\/\/www.newsrecorder.ro\/app\/wp-json\/wp\/v2\/media\/16900"}],"wp:attachment":[{"href":"https:\/\/www.newsrecorder.ro\/app\/wp-json\/wp\/v2\/media?parent=16899"}],"wp:term":[{"taxonomy":"category","embeddable":true,"href":"https:\/\/www.newsrecorder.ro\/app\/wp-json\/wp\/v2\/categories?post=16899"},{"taxonomy":"post_tag","embeddable":true,"href":"https:\/\/www.newsrecorder.ro\/app\/wp-json\/wp\/v2\/tags?post=16899"}],"curies":[{"name":"wp","href":"https:\/\/api.w.org\/{rel}","templated":true}]}}