{"id":16901,"date":"2026-04-30T20:51:30","date_gmt":"2026-04-30T20:51:30","guid":{"rendered":"https:\/\/www.newsrecorder.ro\/app\/2026\/04\/30\/16-miliarde-din-safe-raspunsul-lui-grindeanu-despre-deciziile-lui-bolojan\/"},"modified":"2026-04-30T20:51:30","modified_gmt":"2026-04-30T20:51:30","slug":"16-miliarde-din-safe-raspunsul-lui-grindeanu-despre-deciziile-lui-bolojan","status":"publish","type":"post","link":"https:\/\/www.newsrecorder.ro\/app\/2026\/04\/30\/16-miliarde-din-safe-raspunsul-lui-grindeanu-despre-deciziile-lui-bolojan\/","title":{"rendered":"16 miliarde din SAFE: R\u0103spunsul lui Grindeanu despre deciziile lui Bolojan"},"content":{"rendered":"<p class=\"font-claude-response-body break-words whitespace-normal leading-[1.7]\">\u00centr-un interviu acordat la Antena 3 CNN, Sorin Grindeanu a fost \u00eentrebat despre cine a fost responsabil pentru alocarea fondurilor din programul SAFE, \u00eens\u0103 a evitat s\u0103 ofere detalii specifice.<\/p>\n<p class=\"font-claude-response-body break-words whitespace-normal leading-[1.7]\">\u201eNu pot s\u0103 discut din interiorul acestei \u00eent\u00e2lniri\u201d, a afirmat el, referindu-se la \u00eent\u00e2lnirile de la Palatul Cotroceni.<\/p>\n<p><strong>16 miliarde \u0219i o decizie controversat\u0103<\/strong><\/p>\n<p class=\"font-claude-response-body break-words whitespace-normal leading-[1.7]\">Grindeanu a subliniat c\u0103 Partidul Social Democrat (PSD) a sus\u021binut programul SAFE \u00een linii mari. El a specificat c\u0103 aproximativ patru miliarde de lei vor fi direc\u021bionate c\u0103tre mobilitatea militar\u0103, viz\u00e2nd tronsoane de autostrad\u0103 ce duc la grani\u021ba cu Ucraina \u0219i Moldova.<\/p>\n<p class=\"font-claude-response-body break-words whitespace-normal leading-[1.7]\">\u00cen ceea ce prive\u0219te restul de 12 miliarde, liderul PSD a criticat decizia de a \u00eemprumuta fonduri, \u00een loc s\u0103 investeasc\u0103 \u00een industria na\u021bional\u0103 de ap\u0103rare. \u201eRom\u00e2nii trebuie s\u0103 returneze ace\u0219ti bani\u201d, a declarat el.<\/p>\n<p class=\"font-claude-response-body break-words whitespace-normal leading-[1.7]\">\u201eDin cele 12 miliarde r\u0103mase, ai putea aloca 3 miliarde pentru achizi\u021bii, dar 8-9 miliarde ar trebui investite \u00een industria na\u021bional\u0103 de ap\u0103rare, ceea ce ar crea locuri de munc\u0103\u201d, a ad\u0103ugat Grindeanu.<\/p>\n<p><strong>\u201eDeciziile par a fi gestionate la nivel de Cancelarie\u201d<\/strong><\/p>\n<p class=\"font-claude-response-body break-words whitespace-normal leading-[1.7]\">C\u00e2nd a fost \u00eentrebat dac\u0103 Ilie Bolojan a fost persoana care a luat decizia, Grindeanu a fost evaziv, afirm\u00e2nd: \u201ePare c\u0103 decizia s-a luat la nivel de Cancelarie\u201d.<\/p>\n<p class=\"font-claude-response-body break-words whitespace-normal leading-[1.7]\">Referitor la posibila implicare a lui Mihai Jurca, \u0219eful Cancelariei, Grindeanu a confirmat indirect, spun\u00e2nd: \u201eAcolo pare c\u0103 s-au gestionat lucruri\u201d.<\/p>\n","protected":false},"excerpt":{"rendered":"<p>\u00centr-un interviu acordat la Antena 3 CNN, Sorin Grindeanu a fost \u00eentrebat despre cine a fost responsabil pentru alocarea fondurilor din programul SAFE, \u00eens\u0103 a evitat s\u0103 ofere detalii specifice. \u201eNu pot s\u0103 discut din interiorul acestei \u00eent\u00e2lniri\u201d, a afirmat el, referindu-se la \u00eent\u00e2lnirile de la Palatul Cotroceni. 16 miliarde \u0219i o decizie controversat\u0103 Grindeanu [&hellip;]<\/p>\n","protected":false},"author":2,"featured_media":16902,"comment_status":"open","ping_status":"open","sticky":false,"template":"","format":"standard","meta":{"jnews-multi-image_gallery":[],"jnews_single_post":[],"jnews_primary_category":[],"jnews_override_counter":[],"footnotes":""},"categories":[42],"tags":[2669,2731,1695,2663,19142,2668,300,637],"class_list":["post-16901","post","type-post","status-publish","format-standard","has-post-thumbnail","hentry","category-politica","tag-autostrazi","tag-fonduri","tag-imprumuturi","tag-industrie-de-aparare","tag-mobilitate-militara","tag-programul-safe","tag-psd","tag-sorin-grindeanu"],"_links":{"self":[{"href":"https:\/\/www.newsrecorder.ro\/app\/wp-json\/wp\/v2\/posts\/16901","targetHints":{"allow":["GET"]}}],"collection":[{"href":"https:\/\/www.newsrecorder.ro\/app\/wp-json\/wp\/v2\/posts"}],"about":[{"href":"https:\/\/www.newsrecorder.ro\/app\/wp-json\/wp\/v2\/types\/post"}],"author":[{"embeddable":true,"href":"https:\/\/www.newsrecorder.ro\/app\/wp-json\/wp\/v2\/users\/2"}],"replies":[{"embeddable":true,"href":"https:\/\/www.newsrecorder.ro\/app\/wp-json\/wp\/v2\/comments?post=16901"}],"version-history":[{"count":0,"href":"https:\/\/www.newsrecorder.ro\/app\/wp-json\/wp\/v2\/posts\/16901\/revisions"}],"wp:featuredmedia":[{"embeddable":true,"href":"https:\/\/www.newsrecorder.ro\/app\/wp-json\/wp\/v2\/media\/16902"}],"wp:attachment":[{"href":"https:\/\/www.newsrecorder.ro\/app\/wp-json\/wp\/v2\/media?parent=16901"}],"wp:term":[{"taxonomy":"category","embeddable":true,"href":"https:\/\/www.newsrecorder.ro\/app\/wp-json\/wp\/v2\/categories?post=16901"},{"taxonomy":"post_tag","embeddable":true,"href":"https:\/\/www.newsrecorder.ro\/app\/wp-json\/wp\/v2\/tags?post=16901"}],"curies":[{"name":"wp","href":"https:\/\/api.w.org\/{rel}","templated":true}]}}