{"id":16903,"date":"2026-04-30T20:51:48","date_gmt":"2026-04-30T20:51:48","guid":{"rendered":"https:\/\/www.newsrecorder.ro\/app\/2026\/04\/30\/grindeanu-ce-se-intampla-daca-motiunea-pica-ilie-bolojan-ma-cheama\/"},"modified":"2026-04-30T20:51:48","modified_gmt":"2026-04-30T20:51:48","slug":"grindeanu-ce-se-intampla-daca-motiunea-pica-ilie-bolojan-ma-cheama","status":"publish","type":"post","link":"https:\/\/www.newsrecorder.ro\/app\/2026\/04\/30\/grindeanu-ce-se-intampla-daca-motiunea-pica-ilie-bolojan-ma-cheama\/","title":{"rendered":"\u201eGrindeanu: Ce se \u00eent\u00e2mpl\u0103 dac\u0103 mo\u021biunea pic\u0103? Ilie Bolojan m\u0103 cheam\u0103!\u201d"},"content":{"rendered":"<p>\u00centrebat despre posibilitatea demisiei din func\u021bia de pre\u0219edinte al PSD \u00een cazul \u00een care mo\u021biunea de cenzur\u0103 nu ar avea succes, Sorin Grindeanu a evitat s\u0103 ofere un r\u0103spuns clar. \u201eO s\u0103 facem o analiz\u0103 intern\u0103, toate lucrurile sunt pe mas\u0103\u201d, a declarat el.<\/p>\n<p><strong>\u201eM\u0103 cheam\u0103 Ilie Bolojan s\u0103 nu-mi dau demisia?\u201d<\/strong><\/p>\n<p>Referitor la poten\u021biala demisie, Grindeanu a fost mai direct. \u201e\u00cemi dau demisia dac\u0103 a\u0219a se deblocheaz\u0103 lucrurile\u201d, a afirmat el. De asemenea, a men\u021bionat c\u0103 aceea\u0219i \u00eentrebare a fost adresat\u0103 \u0219i anterior, r\u0103spunsul r\u0103m\u00e2n\u00e2nd acela\u0219i: \u201eImediat dup\u0103 ce \u00ee\u0219i d\u0103 Ilie Bolojan demisia din func\u021bia de prim-ministru\u201d.<\/p>\n<p><strong>Cine vine dup\u0103 Bolojan?<\/strong><\/p>\n<p>C\u00e2nd a fost \u00eentrebat ce solu\u021bii are PSD pentru guvernarea de dup\u0103 mo\u021biune, <a href=\"https:\/\/www.mediafax.ro\/politic\/grindeanu-ilie-bolojan-e-ca-liviu-dragnea-otraveste-fantanile-si-taie-puntile-de-dialog-23729295\">Grindeanu<\/a> a explicat c\u0103 partidul se va prezenta la consult\u0103rile de la Cotroceni cu o pozi\u021bie ferm\u0103. PSD \u00ee\u0219i dore\u0219te men\u021binerea coali\u021biei \u00een forma actual\u0103 sau o variant\u0103 similar\u0103, excluz\u00e2nd sus\u021binerea guvernelor minoritare \u0219i formarea majorit\u0103\u021bilor \u00een afara coali\u021biei existente.<\/p>\n<p>\u201eSuntem deschi\u0219i la variante care s\u0103 asigure un guvern majoritar\u201d, a subliniat Grindeanu, ad\u0103ug\u00e2nd c\u0103 PSD va fi probabil primul partid invitat la consult\u0103ri datorit\u0103 num\u0103rului semnificativ de parlamentari pe care \u00eei are.<\/p>\n<p>\u00cen ceea ce prive\u0219te \u00eengrijor\u0103rile referitoare la fluctua\u021biile valutare \u0219i instabilitatea care ar putea surveni dup\u0103 mo\u021biune, Grindeanu a asigurat c\u0103 exist\u0103 solu\u021bii disponibile.<\/p>\n","protected":false},"excerpt":{"rendered":"<p>\u00centrebat despre posibilitatea demisiei din func\u021bia de pre\u0219edinte al PSD \u00een cazul \u00een care mo\u021biunea de cenzur\u0103 nu ar avea succes, Sorin Grindeanu a evitat s\u0103 ofere un r\u0103spuns clar. \u201eO s\u0103 facem o analiz\u0103 intern\u0103, toate lucrurile sunt pe mas\u0103\u201d, a declarat el. \u201eM\u0103 cheam\u0103 Ilie Bolojan s\u0103 nu-mi dau demisia?\u201d Referitor la poten\u021biala [&hellip;]<\/p>\n","protected":false},"author":2,"featured_media":16904,"comment_status":"open","ping_status":"open","sticky":false,"template":"","format":"standard","meta":{"jnews-multi-image_gallery":[],"jnews_single_post":[],"jnews_primary_category":[],"jnews_override_counter":[],"footnotes":""},"categories":[42],"tags":[636,360,2079,526,302,12212,300,637],"class_list":["post-16903","post","type-post","status-publish","format-standard","has-post-thumbnail","hentry","category-politica","tag-coalitie","tag-consultari","tag-demisie","tag-guvernare","tag-ilie-bolojan","tag-motiune-de-cenzura","tag-psd","tag-sorin-grindeanu"],"_links":{"self":[{"href":"https:\/\/www.newsrecorder.ro\/app\/wp-json\/wp\/v2\/posts\/16903","targetHints":{"allow":["GET"]}}],"collection":[{"href":"https:\/\/www.newsrecorder.ro\/app\/wp-json\/wp\/v2\/posts"}],"about":[{"href":"https:\/\/www.newsrecorder.ro\/app\/wp-json\/wp\/v2\/types\/post"}],"author":[{"embeddable":true,"href":"https:\/\/www.newsrecorder.ro\/app\/wp-json\/wp\/v2\/users\/2"}],"replies":[{"embeddable":true,"href":"https:\/\/www.newsrecorder.ro\/app\/wp-json\/wp\/v2\/comments?post=16903"}],"version-history":[{"count":0,"href":"https:\/\/www.newsrecorder.ro\/app\/wp-json\/wp\/v2\/posts\/16903\/revisions"}],"wp:featuredmedia":[{"embeddable":true,"href":"https:\/\/www.newsrecorder.ro\/app\/wp-json\/wp\/v2\/media\/16904"}],"wp:attachment":[{"href":"https:\/\/www.newsrecorder.ro\/app\/wp-json\/wp\/v2\/media?parent=16903"}],"wp:term":[{"taxonomy":"category","embeddable":true,"href":"https:\/\/www.newsrecorder.ro\/app\/wp-json\/wp\/v2\/categories?post=16903"},{"taxonomy":"post_tag","embeddable":true,"href":"https:\/\/www.newsrecorder.ro\/app\/wp-json\/wp\/v2\/tags?post=16903"}],"curies":[{"name":"wp","href":"https:\/\/api.w.org\/{rel}","templated":true}]}}