{"id":16905,"date":"2026-04-30T20:52:08","date_gmt":"2026-04-30T20:52:08","guid":{"rendered":"https:\/\/www.newsrecorder.ro\/app\/2026\/04\/30\/sorin-grindeanu-dezvaluie-aur-partid-extremist-sau-nu\/"},"modified":"2026-04-30T20:52:08","modified_gmt":"2026-04-30T20:52:08","slug":"sorin-grindeanu-dezvaluie-aur-partid-extremist-sau-nu","status":"publish","type":"post","link":"https:\/\/www.newsrecorder.ro\/app\/2026\/04\/30\/sorin-grindeanu-dezvaluie-aur-partid-extremist-sau-nu\/","title":{"rendered":"\u201eSorin Grindeanu dezv\u0103luie: AUR, partid extremist sau nu?\u201d"},"content":{"rendered":"<p>Joi seara, Sorin Grindeanu a fost invitat la Antena 3 CNN, unde a fost \u00eentrebat de moderatoare dac\u0103 consider\u0103 c\u0103 \u201eAUR este un partid extremist\u201d, cer\u00e2ndu-i un r\u0103spuns simplu, cu \u201eda\u201d sau \u201enu\u201d.<\/p>\n<p>Grindeanu a refuzat s\u0103 ofere un r\u0103spuns \u00een acest format, explic\u00e2nd: \u201eNu sunt un om care fuge de r\u0103spunsuri. Am observat c\u0103, \u00eenainte de aceast\u0103 mo\u021biune comun\u0103 semnat\u0103 de parlamentarii PSD \u0219i AUR, dar la care au aderat \u0219i al\u021bii, au existat diverse opinii din partea lui Ilie Bolojan, Dominic Fritz \u0219i reprezentan\u021bii PNL \u0219i USR, care au \u00eencercat s\u0103 atrag\u0103 AUR de partea lor. Nu este treaba mea s\u0103 caracterizez un partid sau altul. \u00cempreun\u0103 cu colegii mei, am demarat un demers parlamentar, care a primit sus\u021binere, av\u00e2nd \u00een vedere c\u0103 am str\u00e2ns 254 de semn\u0103turi pentru aceast\u0103 mo\u021biune\u201d, a declarat el.<\/p>\n<p>Pre\u0219edintele PSD a men\u021bionat c\u0103 nu s-a votat \u00een cadrul consult\u0103rilor despre o eventual\u0103 colaborare cu AUR, dar c\u0103, av\u00e2nd \u00een vedere c\u0103 \u0219i AUR dorea s\u0103 depun\u0103 o mo\u021biune de cenzur\u0103, a existat riscul ca cele dou\u0103 mo\u021biuni s\u0103 se anuleze reciproc.<\/p>\n<p>Moderatoarea a insistat asupra \u00eentreb\u0103rii ini\u021biale, \u00eentreb\u00e2nd din nou dac\u0103 \u201eAUR este un partid extremist sau nu\u201d. Grindeanu a reafirmat c\u0103 a r\u0103spuns la \u00eentrebare, ad\u0103ug\u00e2nd: \u201eNu fac caracteriz\u0103ri, nici nu fug. E treaba lor.\u201d<\/p>\n<p>\u00centrebarea a evoluat apoi c\u0103tre: \u201eEste AUR frecventabil?\u201d. Grindeanu a evitat din nou un r\u0103spuns direct, afirm\u00e2nd: \u201eAUR a fost votat de cet\u0103\u021beni \u0219i este al doilea partid \u00een Rom\u00e2nia. PSD nu a f\u0103cut \u00een\u021belegeri, nici m\u0103car la buget, c\u00e2nd ar fi fost u\u0219or s\u0103 facem acest lucru. V\u0103 aminti\u021bi de pachetul de solidaritate? Pachetul pentru rom\u00e2nii cu venituri mici, \u00een special pensii pentru cei cu dizabilit\u0103\u021bi? Toate aceste ini\u021biative nu au fost finan\u021bate de guvern. Prin pachetul de solidaritate, am \u00eencercat s\u0103 corect\u0103m lucrurile \u00een Parlament. Am fi putut s\u0103 ajungem la o \u00een\u021belegere simpl\u0103.\u201d<\/p>\n<p>Moderatoarea a insistat din nou: \u201eDeci, AUR este frecventabil?\u201d. Grindeanu a r\u0103spuns, f\u0103r\u0103 s\u0103 ofere un \u201eda\u201d sau \u201enu\u201d: \u201eNu fac caracteriz\u0103ri.\u201d<\/p>\n<p>\u00cen continuare, Sorin Grindeanu a fost \u00eentrebat de ce PSD nu formeaz\u0103 o majoritate cu AUR, av\u00e2nd \u00een vedere c\u0103 el consider\u0103 partidul ca fiind \u201efrecventabil\u201d \u0219i c\u0103 acesta este al doilea partid ca num\u0103r de voturi \u00een Parlament.<\/p>\n<p>El a explicat: \u201eAr trebui s\u0103 pornim de la cauze. Am discutat aceste explica\u021bii inclusiv cu colegii mei din Partidul Socialist European. Ieri, la Paris, am avut o \u00eent\u00e2lnire cu omologa mea, pre\u0219edinta Adun\u0103rii Na\u021bionale, \u0219i i-am explicat situa\u021bia politic\u0103. Nu am fi ajuns \u00een aceast\u0103 situa\u021bie dac\u0103 Ilie Bolojan \u0219i-ar fi dat demisia. Oamenii au \u00een\u021beles c\u0103, at\u00e2t timp c\u00e2t i-am retras sprijinul politic, \u00een alte \u021b\u0103ri, un prim-ministru \u00ee\u0219i d\u0103 demisia. \u00cen prezent, nu exist\u0103 o majoritate care s\u0103-l sus\u021bin\u0103. Acest demers este unul parlamentar \u0219i nu exist\u0103 nicio \u00een\u021belegere post-mo\u021biune. Eu \u0219i ceilal\u021bi semnatari ai acestei mo\u021biuni am declarat clar acest lucru. Oric\u00e2t s-ar \u00eencerca s\u0103 se argumenteze c\u0103 exist\u0103 o \u00een\u021belegere, nu este adev\u0103rat. Mi-a\u0219 dori ca solu\u021bia post-mo\u021biune s\u0103 vin\u0103 din interiorul partidelor care au format aceast\u0103 majoritate. De aceea, nu voi c\u0103dea \u00een capcana pe care o \u00eentinde Ilie Bolojan, care spune c\u0103, dup\u0103 el, poate fi potopul. Dac\u0103 el nu mai este prim-ministru, nu mai poate exista nicio variant\u0103 intern\u0103, conform logicii sale. Aceasta este o afirma\u021bie fals\u0103. Exist\u0103 via\u021b\u0103 \u0219i dup\u0103 Ilie Bolojan prim-ministru\u201d, a concluzionat pre\u0219edintele PSD.<\/p>\n","protected":false},"excerpt":{"rendered":"<p>Joi seara, Sorin Grindeanu a fost invitat la Antena 3 CNN, unde a fost \u00eentrebat de moderatoare dac\u0103 consider\u0103 c\u0103 \u201eAUR este un partid extremist\u201d, cer\u00e2ndu-i un r\u0103spuns simplu, cu \u201eda\u201d sau \u201enu\u201d. Grindeanu a refuzat s\u0103 ofere un r\u0103spuns \u00een acest format, explic\u00e2nd: \u201eNu sunt un om care fuge de r\u0103spunsuri. Am observat c\u0103, [&hellip;]<\/p>\n","protected":false},"author":2,"featured_media":16906,"comment_status":"open","ping_status":"open","sticky":false,"template":"","format":"standard","meta":{"jnews-multi-image_gallery":[],"jnews_single_post":[],"jnews_primary_category":[],"jnews_override_counter":[],"footnotes":""},"categories":[42],"tags":[14659,1916,360,2401,17912,4107,300,637],"class_list":["post-16905","post","type-post","status-publish","format-standard","has-post-thumbnail","hentry","category-politica","tag-aliante-politice","tag-aur","tag-consultari","tag-motiune","tag-partid-extremist","tag-politica-romaneasca","tag-psd","tag-sorin-grindeanu"],"_links":{"self":[{"href":"https:\/\/www.newsrecorder.ro\/app\/wp-json\/wp\/v2\/posts\/16905","targetHints":{"allow":["GET"]}}],"collection":[{"href":"https:\/\/www.newsrecorder.ro\/app\/wp-json\/wp\/v2\/posts"}],"about":[{"href":"https:\/\/www.newsrecorder.ro\/app\/wp-json\/wp\/v2\/types\/post"}],"author":[{"embeddable":true,"href":"https:\/\/www.newsrecorder.ro\/app\/wp-json\/wp\/v2\/users\/2"}],"replies":[{"embeddable":true,"href":"https:\/\/www.newsrecorder.ro\/app\/wp-json\/wp\/v2\/comments?post=16905"}],"version-history":[{"count":0,"href":"https:\/\/www.newsrecorder.ro\/app\/wp-json\/wp\/v2\/posts\/16905\/revisions"}],"wp:featuredmedia":[{"embeddable":true,"href":"https:\/\/www.newsrecorder.ro\/app\/wp-json\/wp\/v2\/media\/16906"}],"wp:attachment":[{"href":"https:\/\/www.newsrecorder.ro\/app\/wp-json\/wp\/v2\/media?parent=16905"}],"wp:term":[{"taxonomy":"category","embeddable":true,"href":"https:\/\/www.newsrecorder.ro\/app\/wp-json\/wp\/v2\/categories?post=16905"},{"taxonomy":"post_tag","embeddable":true,"href":"https:\/\/www.newsrecorder.ro\/app\/wp-json\/wp\/v2\/tags?post=16905"}],"curies":[{"name":"wp","href":"https:\/\/api.w.org\/{rel}","templated":true}]}}