{"id":16907,"date":"2026-04-30T20:52:38","date_gmt":"2026-04-30T20:52:38","guid":{"rendered":"https:\/\/www.newsrecorder.ro\/app\/2026\/04\/30\/grindeanu-ilie-bolojan-ca-dragnea-distruge-dialogul-si-otraveste-fantanile\/"},"modified":"2026-04-30T20:52:38","modified_gmt":"2026-04-30T20:52:38","slug":"grindeanu-ilie-bolojan-ca-dragnea-distruge-dialogul-si-otraveste-fantanile","status":"publish","type":"post","link":"https:\/\/www.newsrecorder.ro\/app\/2026\/04\/30\/grindeanu-ilie-bolojan-ca-dragnea-distruge-dialogul-si-otraveste-fantanile\/","title":{"rendered":"Grindeanu: Ilie Bolojan, ca Dragnea, distruge dialogul \u0219i otr\u0103ve\u0219te f\u00e2nt\u00e2nile!"},"content":{"rendered":"<p class=\"font-claude-response-body break-words whitespace-normal leading-[1.7]\">Sorin Grindeanu, liderul Partidului Social Democrat (PSD), a fost invitat joi seara la Antena 3, unde a fost provocat cu o fotografie din anul 2017. Aceasta surprindea momentul \u00een care PSD \u00eei retr\u0103sese sprijinul, iar el a refuzat s\u0103 demisioneze din func\u021bia de premier.<\/p>\n<p class=\"font-claude-response-body break-words whitespace-normal leading-[1.7]\">C\u00e2nd a fost \u00eentrebat dac\u0103 \u00ee\u0219i aminte\u0219te de acel episod, Grindeanu a r\u0103spuns succinct: \u201eEvident. Mi-era \u0219i greu s\u0103 uit.\u201d<\/p>\n<p><strong>\u201eAtunci m\u0103 luptam cu Dragnea\u201d<\/strong><\/p>\n<p class=\"font-claude-response-body break-words whitespace-normal leading-[1.7]\">Referitor la compararea situa\u021biei sale din 2017 cu cea a actualului primar Ilie Bolojan, Grindeanu a subliniat c\u0103 exist\u0103 o diferen\u021b\u0103 esen\u021bial\u0103. \u201eEu atunci m\u0103 luptam cu un om, Liviu Dragnea, care s-a dovedit ulterior unde a dus Rom\u00e2nia\u201d, a declarat el.<\/p>\n<p class=\"font-claude-response-body break-words whitespace-normal leading-[1.7]\">C\u00e2nd a fost \u00eentrebat dac\u0103 \u00eel consider\u0103 pe Bolojan similar cu Dragnea, Grindeanu a replicat: \u201eVede\u021bi altcumva lucrurile?\u201d<\/p>\n<p class=\"font-claude-response-body break-words whitespace-normal leading-[1.7]\">De asemenea, el a men\u021bionat c\u0103 actualul prim-ministru are o \u00eencredere negativ\u0103 de 85% \u0219i c\u0103 peste 80% dintre rom\u00e2ni consider\u0103 c\u0103 acesta conduce \u021bara \u00eentr-o direc\u021bie gre\u0219it\u0103.<\/p>\n<p><strong>\u201eD\u0103 foc la c\u00e2mpii, otr\u0103ve\u0219te f\u00e2nt\u00e2nile\u201d<\/strong><\/p>\n<p class=\"font-claude-response-body break-words whitespace-normal leading-[1.7]\">Referitor la acuza\u021biile aduse premierului, Grindeanu a afirmat c\u0103 Bolojan \u201etaie toate pun\u021bile de dialog\u201d. Potrivit viziunii liderului PSD, scopul acestei atitudini ar fi ca, dup\u0103 plecarea sa, s\u0103 nu mai existe nicio oportunitate de a construi o coali\u021bie pro-european\u0103.<\/p>\n<p class=\"font-claude-response-body break-words whitespace-normal leading-[1.7]\">\u201eTactica asta denot\u0103 un soi de iresponsabilitate\u201d, a ad\u0103ugat Grindeanu, subliniind c\u0103 Rom\u00e2nia poate fi guvernat\u0103 \u0219i f\u0103r\u0103 Bolojan. \u201eSe pot construi autostr\u0103zi \u0219i f\u0103r\u0103 ca Elie Bolojan s\u0103 fie prim-ministru\u201d, a declarat el.<\/p>\n<p><strong>\u201eExist\u0103 via\u021b\u0103 \u0219i dup\u0103 mar\u021bi\u201d<\/strong><\/p>\n<p class=\"font-claude-response-body break-words whitespace-normal leading-[1.7]\">\u00centrebat despre posibilitatea unei alian\u021be \u00eentre PSD \u0219i AUR pentru a d\u0103r\u00e2ma guvernul, Grindeanu a evitat s\u0103 detalieze subiectul, dar a transmis un mesaj clar: \u201eExist\u0103 via\u021b\u0103 \u0219i dup\u0103 ziua de mar\u021bi. Pentru noi trebuie s\u0103 fie o via\u021b\u0103 mai bun\u0103.\u201d<\/p>\n<p class=\"font-claude-response-body break-words whitespace-normal leading-[1.7]\">Liderul PSD a ad\u0103ugat c\u0103 a \u00een\u021beles apelul pre\u0219edintelui de a dezescalada discursul public. \u201eA\u021bi v\u0103zut c\u0103 am evitat s\u0103 intru \u00een polemici\u201d, a concluzionat el.<\/p>\n","protected":false},"excerpt":{"rendered":"<p>Sorin Grindeanu, liderul Partidului Social Democrat (PSD), a fost invitat joi seara la Antena 3, unde a fost provocat cu o fotografie din anul 2017. Aceasta surprindea momentul \u00een care PSD \u00eei retr\u0103sese sprijinul, iar el a refuzat s\u0103 demisioneze din func\u021bia de premier. C\u00e2nd a fost \u00eentrebat dac\u0103 \u00ee\u0219i aminte\u0219te de acel episod, Grindeanu [&hellip;]<\/p>\n","protected":false},"author":2,"featured_media":16908,"comment_status":"open","ping_status":"open","sticky":false,"template":"","format":"standard","meta":{"jnews-multi-image_gallery":[],"jnews_single_post":[],"jnews_primary_category":[],"jnews_override_counter":[],"footnotes":""},"categories":[42],"tags":[302,19144,19143,2152,269,443,523,637],"class_list":["post-16907","post","type-post","status-publish","format-standard","has-post-thumbnail","hentry","category-politica","tag-ilie-bolojan","tag-incredere-negativa","tag-liviu-dragnea","tag-partidul-social-democrat","tag-politica","tag-prim-ministru","tag-romani","tag-sorin-grindeanu"],"_links":{"self":[{"href":"https:\/\/www.newsrecorder.ro\/app\/wp-json\/wp\/v2\/posts\/16907","targetHints":{"allow":["GET"]}}],"collection":[{"href":"https:\/\/www.newsrecorder.ro\/app\/wp-json\/wp\/v2\/posts"}],"about":[{"href":"https:\/\/www.newsrecorder.ro\/app\/wp-json\/wp\/v2\/types\/post"}],"author":[{"embeddable":true,"href":"https:\/\/www.newsrecorder.ro\/app\/wp-json\/wp\/v2\/users\/2"}],"replies":[{"embeddable":true,"href":"https:\/\/www.newsrecorder.ro\/app\/wp-json\/wp\/v2\/comments?post=16907"}],"version-history":[{"count":0,"href":"https:\/\/www.newsrecorder.ro\/app\/wp-json\/wp\/v2\/posts\/16907\/revisions"}],"wp:featuredmedia":[{"embeddable":true,"href":"https:\/\/www.newsrecorder.ro\/app\/wp-json\/wp\/v2\/media\/16908"}],"wp:attachment":[{"href":"https:\/\/www.newsrecorder.ro\/app\/wp-json\/wp\/v2\/media?parent=16907"}],"wp:term":[{"taxonomy":"category","embeddable":true,"href":"https:\/\/www.newsrecorder.ro\/app\/wp-json\/wp\/v2\/categories?post=16907"},{"taxonomy":"post_tag","embeddable":true,"href":"https:\/\/www.newsrecorder.ro\/app\/wp-json\/wp\/v2\/tags?post=16907"}],"curies":[{"name":"wp","href":"https:\/\/api.w.org\/{rel}","templated":true}]}}