{"id":16909,"date":"2026-04-30T21:42:35","date_gmt":"2026-04-30T21:42:35","guid":{"rendered":"https:\/\/www.newsrecorder.ro\/app\/2026\/04\/30\/aur-si-motiunea-impotriva-guvernului-bolojan-grindeanu-dezvaluie-detalii\/"},"modified":"2026-04-30T21:42:35","modified_gmt":"2026-04-30T21:42:35","slug":"aur-si-motiunea-impotriva-guvernului-bolojan-grindeanu-dezvaluie-detalii","status":"publish","type":"post","link":"https:\/\/www.newsrecorder.ro\/app\/2026\/04\/30\/aur-si-motiunea-impotriva-guvernului-bolojan-grindeanu-dezvaluie-detalii\/","title":{"rendered":"AUR \u0219i mo\u021biunea \u00eempotriva Guvernului Bolojan: Grindeanu dezv\u0103luie detalii!"},"content":{"rendered":"<p class=\"font-claude-response-body break-words whitespace-normal leading-[1.7]\">Atunci c\u00e2nd a fost \u00eentrebat despre cine a purtat discu\u021biile privind mo\u021biunea de cenzur\u0103 cu AUR, Sorin Grindeanu a refuzat s\u0103 foloseasc\u0103 termenul de \u201enegociere\u201d. \u201eNici m\u0103car n-a fost o negociere\u201d, a subliniat el, eviden\u021biind natura colabor\u0103rii dintre partide.<\/p>\n<p class=\"font-claude-response-body break-words whitespace-normal leading-[1.7]\">Grindeanu a explicat cum s-a ajuns la formularea unei mo\u021biuni comune, men\u021bion\u00e2nd c\u0103 a observat inten\u021bia AUR de a depune o mo\u021biune separat\u0103. \u00cen acest context, a avut o discu\u021bie cu George Simion \u00een weekend, \u00een care a subliniat riscurile unei competi\u021bii \u00eentre cele dou\u0103 mo\u021biuni. \u201eI-am spus c\u0103 exist\u0103 riscul anihil\u0103rii reciproce a celor dou\u0103 mo\u021biuni\u201d, a declarat liderul PSD. \u201eDac\u0103 \u00ee\u0219i dore\u0219te cu adev\u0103rat s\u0103 d\u0103r\u00e2me guvernul, trebuie s\u0103 facem o mo\u021biune comun\u0103\u201d.<\/p>\n<p><strong>\u201eAbsolut nimic\u201d<\/strong><\/p>\n<p class=\"font-claude-response-body break-words whitespace-normal leading-[1.7]\">C\u00e2nd a fost \u00eentrebat dac\u0103 Simion a solicitat vreo contraparte, Grindeanu a r\u0103spuns f\u0103r\u0103 ezitare: \u201eNu. Absolut nimic\u201d. \u00cen ceea ce prive\u0219te zvonurile conform c\u0103rora AUR ar fi cerut PSD s\u0103 le sprijine \u00een \u00eembun\u0103t\u0103\u021birea imaginii pe plan interna\u021bional, Grindeanu a respins aceste informa\u021bii, afirm\u00e2nd clar: \u201eAm spus. Absolut nimic\u201d.<\/p>\n<p><strong>256 de semn\u0103turi, f\u0103r\u0103 emo\u021bii<\/strong><\/p>\n<p class=\"font-claude-response-body break-words whitespace-normal leading-[1.7]\">\u00centrebat despre \u0219ansele ca mo\u021biunea s\u0103 fie adoptat\u0103, Grindeanu a exprimat un optimism \u00eencrez\u0103tor: \u201eEvident\u201d, a spus el. A detaliat c\u0103 exist\u0103 \u00eentre 254 \u0219i 256 de semn\u0103turi pentru sus\u021binerea mo\u021biunii \u0219i a ad\u0103ugat c\u0103, \u00een lipsa unor retrageri p\u00e2n\u0103 \u00een ziua votului, \u201enu exist\u0103 emo\u021bie din acest punct de vedere\u201d.<\/p>\n<p class=\"font-claude-response-body break-words whitespace-normal leading-[1.7]\">Referitor la posibilele scenarii de dup\u0103 c\u0103derea Guvernului Bolojan, Grindeanu a fost ferm \u00een a exclude op\u021biunea unui guvern PSD-AUR. \u201eNu pot s\u0103 spun la fiecare cinci minute c\u0103 nu vom face guvern cu AUR. Nu s-a discutat niciodat\u0103\u201d, a afirmat liderul PSD, clarific\u00e2nd astfel pozi\u021bia partidului s\u0103u. <\/p>\n","protected":false},"excerpt":{"rendered":"<p>Atunci c\u00e2nd a fost \u00eentrebat despre cine a purtat discu\u021biile privind mo\u021biunea de cenzur\u0103 cu AUR, Sorin Grindeanu a refuzat s\u0103 foloseasc\u0103 termenul de \u201enegociere\u201d. \u201eNici m\u0103car n-a fost o negociere\u201d, a subliniat el, eviden\u021biind natura colabor\u0103rii dintre partide. Grindeanu a explicat cum s-a ajuns la formularea unei mo\u021biuni comune, men\u021bion\u00e2nd c\u0103 a observat inten\u021bia [&hellip;]<\/p>\n","protected":false},"author":2,"featured_media":16910,"comment_status":"open","ping_status":"open","sticky":false,"template":"","format":"standard","meta":{"jnews-multi-image_gallery":[],"jnews_single_post":[],"jnews_primary_category":[],"jnews_override_counter":[],"footnotes":""},"categories":[42],"tags":[1916,297,2816,301,12212,485,521,637],"class_list":["post-16909","post","type-post","status-publish","format-standard","has-post-thumbnail","hentry","category-politica","tag-aur","tag-colaborare","tag-george-simion","tag-guvern","tag-motiune-de-cenzura","tag-negociere","tag-partide","tag-sorin-grindeanu"],"_links":{"self":[{"href":"https:\/\/www.newsrecorder.ro\/app\/wp-json\/wp\/v2\/posts\/16909","targetHints":{"allow":["GET"]}}],"collection":[{"href":"https:\/\/www.newsrecorder.ro\/app\/wp-json\/wp\/v2\/posts"}],"about":[{"href":"https:\/\/www.newsrecorder.ro\/app\/wp-json\/wp\/v2\/types\/post"}],"author":[{"embeddable":true,"href":"https:\/\/www.newsrecorder.ro\/app\/wp-json\/wp\/v2\/users\/2"}],"replies":[{"embeddable":true,"href":"https:\/\/www.newsrecorder.ro\/app\/wp-json\/wp\/v2\/comments?post=16909"}],"version-history":[{"count":0,"href":"https:\/\/www.newsrecorder.ro\/app\/wp-json\/wp\/v2\/posts\/16909\/revisions"}],"wp:featuredmedia":[{"embeddable":true,"href":"https:\/\/www.newsrecorder.ro\/app\/wp-json\/wp\/v2\/media\/16910"}],"wp:attachment":[{"href":"https:\/\/www.newsrecorder.ro\/app\/wp-json\/wp\/v2\/media?parent=16909"}],"wp:term":[{"taxonomy":"category","embeddable":true,"href":"https:\/\/www.newsrecorder.ro\/app\/wp-json\/wp\/v2\/categories?post=16909"},{"taxonomy":"post_tag","embeddable":true,"href":"https:\/\/www.newsrecorder.ro\/app\/wp-json\/wp\/v2\/tags?post=16909"}],"curies":[{"name":"wp","href":"https:\/\/api.w.org\/{rel}","templated":true}]}}