{"id":16911,"date":"2026-05-01T00:42:05","date_gmt":"2026-05-01T00:42:05","guid":{"rendered":"https:\/\/www.newsrecorder.ro\/app\/2026\/05\/01\/britney-spears-acuzata-de-conducere-sub-influenta-alcoolului-si-drogurilor\/"},"modified":"2026-05-01T00:42:05","modified_gmt":"2026-05-01T00:42:05","slug":"britney-spears-acuzata-de-conducere-sub-influenta-alcoolului-si-drogurilor","status":"publish","type":"post","link":"https:\/\/www.newsrecorder.ro\/app\/2026\/05\/01\/britney-spears-acuzata-de-conducere-sub-influenta-alcoolului-si-drogurilor\/","title":{"rendered":"Britney Spears, acuzat\u0103 de conducere sub influen\u021ba alcoolului \u0219i drogurilor!"},"content":{"rendered":"<p style=\"text-align: left\">Joi, procurorii americani au anun\u021bat decizia de a o inculpa pe artista Britney Spears, eviden\u021biind c\u0103 infrac\u021biunea este considerat\u0103 minor\u0103, iar aceasta nu este obligat\u0103 s\u0103 se prezinte la prima audiere. Conform informa\u021biilor publicate de <a href=\"https:\/\/www.lefigaro.fr\/culture\/britney-spears-inculpee-pour-conduite-sous-l-emprise-d-alcool-et-de-stupefiants-en-californie-20260501\" target=\"_blank\" rel=\"noopener\">Le Figaro<\/a>, documentele oficiale nu specific\u0103 tipul de substan\u021b\u0103 descoperit\u0103 \u00een organismul c\u00e2nt\u0103re\u021bei.<\/p>\n<p style=\"text-align: left\">Incidentul a avut loc \u00een seara respectiv\u0103, iar Britney a fost re\u021binut\u0103, fiind eliberat\u0103 \u00een diminea\u021ba urm\u0103toare. Un purt\u0103tor de cuv\u00e2nt al artistei a caracterizat acest episod drept \u201enefericit \u0219i complet inacceptabil\u201d. \u00cen urma acestui incident, Spears a decis s\u0103 se \u00eenscrie voluntar \u00eentr-un program de dezintoxicare.<\/p>\n<p>Prima audiere este programat\u0103 pentru luni, \u00eentr-un tribunal din Ventura, dar artista nu va fi necesar s\u0103 fie prezent\u0103, av\u00e2nd posibilitatea de a fi reprezentat\u0103 de avocatul s\u0103u. Procurorii au confirmat c\u0103 infrac\u021biunea este una minor\u0103.<\/p>\n<p>Autorit\u0103\u021bile inten\u021bioneaz\u0103 s\u0103 propun\u0103 un acord de recunoa\u0219tere a vinov\u0103\u021biei, o practic\u0103 obi\u0219nuit\u0103 \u00een cazuri de acest tip, care nu implic\u0103 accidente \u0219i au o alcoolemie sc\u0103zut\u0103. Acest acord ar include, de obicei, o perioad\u0103 de supraveghere, participarea la cursuri despre conducerea sub influen\u021b\u0103 \u0219i plata unei amenzi.<\/p>\n<p style=\"text-align: left\">\u00cen autobiografia sa, \u201eFemeia din mine\u201d, publicat\u0103 \u00een 2023, Britney Spears abordeaz\u0103 tema consumului de alcool, recunosc\u00e2nd c\u0103, de-a lungul anilor, a consumat b\u0103uturi alcoolice, dar subliniind c\u0103 nu a ajuns s\u0103-\u0219i piard\u0103 controlul. De asemenea, artista men\u021bioneaz\u0103 utilizarea Adderall-ului, un medicament prescris pentru tulbur\u0103rile de aten\u021bie, care poate deveni periculos dac\u0103 este folosit \u00een mod necorespunz\u0103tor.<\/p>\n<p style=\"text-align: left\">Cartea \u00eei ofer\u0103 cititorului o privire asupra vie\u021bii sale personale, incluz\u00e2nd detalii despre o copil\u0103rie dificil\u0103 \u00eentr-o familie cu probleme, rela\u021bia sa intens mediatizat\u0103 cu Justin Timberlake \u0219i presiunea constant\u0103 din partea paparazzilor, pe care o descrie ca av\u00e2nd un impact major asupra echilibrului ei emo\u021bional.<\/p>\n<p style=\"text-align: left\">Dup\u0103 criza din 2007, c\u00e2nd Britney a traversat o perioad\u0103 intens mediatizat\u0103 de probleme de s\u0103n\u0103tate mintal\u0103 \u0219i incidente publice, artista a fost plasat\u0103 sub tutela tat\u0103lui s\u0103u, Jamie Spears, care a avut control asupra finan\u021belor \u0219i deciziilor sale personale, \u00een ciuda faptului c\u0103 ea a continuat s\u0103 sus\u021bin\u0103 concerte, inclusiv \u00een Las Vegas.<\/p>\n<p style=\"text-align: left\">Tutela a fost \u00eencheiat\u0103 \u00een 2021, ca urmare a presiunii publice exercitate de fanii care s-au mobilizat sub sloganul \u201eFree Britney\u201d.<\/p>\n","protected":false},"excerpt":{"rendered":"<p>Joi, procurorii americani au anun\u021bat decizia de a o inculpa pe artista Britney Spears, eviden\u021biind c\u0103 infrac\u021biunea este considerat\u0103 minor\u0103, iar aceasta nu este obligat\u0103 s\u0103 se prezinte la prima audiere. Conform informa\u021biilor publicate de Le Figaro, documentele oficiale nu specific\u0103 tipul de substan\u021b\u0103 descoperit\u0103 \u00een organismul c\u00e2nt\u0103re\u021bei. Incidentul a avut loc \u00een seara respectiv\u0103, [&hellip;]<\/p>\n","protected":false},"author":2,"featured_media":16912,"comment_status":"open","ping_status":"open","sticky":false,"template":"","format":"standard","meta":{"jnews-multi-image_gallery":[],"jnews_single_post":[],"jnews_primary_category":[],"jnews_override_counter":[],"footnotes":""},"categories":[39],"tags":[13231,4135,19147,1355,19145,19146,11973,19148],"class_list":["post-16911","post","type-post","status-publish","format-standard","has-post-thumbnail","hentry","category-stirile-zilei","tag-audiere","tag-britney-spears","tag-dezintoxicare","tag-incident","tag-inculpare","tag-infractiune-minora","tag-procurori","tag-ventura"],"_links":{"self":[{"href":"https:\/\/www.newsrecorder.ro\/app\/wp-json\/wp\/v2\/posts\/16911","targetHints":{"allow":["GET"]}}],"collection":[{"href":"https:\/\/www.newsrecorder.ro\/app\/wp-json\/wp\/v2\/posts"}],"about":[{"href":"https:\/\/www.newsrecorder.ro\/app\/wp-json\/wp\/v2\/types\/post"}],"author":[{"embeddable":true,"href":"https:\/\/www.newsrecorder.ro\/app\/wp-json\/wp\/v2\/users\/2"}],"replies":[{"embeddable":true,"href":"https:\/\/www.newsrecorder.ro\/app\/wp-json\/wp\/v2\/comments?post=16911"}],"version-history":[{"count":0,"href":"https:\/\/www.newsrecorder.ro\/app\/wp-json\/wp\/v2\/posts\/16911\/revisions"}],"wp:featuredmedia":[{"embeddable":true,"href":"https:\/\/www.newsrecorder.ro\/app\/wp-json\/wp\/v2\/media\/16912"}],"wp:attachment":[{"href":"https:\/\/www.newsrecorder.ro\/app\/wp-json\/wp\/v2\/media?parent=16911"}],"wp:term":[{"taxonomy":"category","embeddable":true,"href":"https:\/\/www.newsrecorder.ro\/app\/wp-json\/wp\/v2\/categories?post=16911"},{"taxonomy":"post_tag","embeddable":true,"href":"https:\/\/www.newsrecorder.ro\/app\/wp-json\/wp\/v2\/tags?post=16911"}],"curies":[{"name":"wp","href":"https:\/\/api.w.org\/{rel}","templated":true}]}}