{"id":16913,"date":"2026-05-01T00:42:19","date_gmt":"2026-05-01T00:42:19","guid":{"rendered":"https:\/\/www.newsrecorder.ro\/app\/2026\/05\/01\/trump-ameninta-cu-retragerea-trupelor-din-italia-si-spania-dupa-germania\/"},"modified":"2026-05-01T00:42:19","modified_gmt":"2026-05-01T00:42:19","slug":"trump-ameninta-cu-retragerea-trupelor-din-italia-si-spania-dupa-germania","status":"publish","type":"post","link":"https:\/\/www.newsrecorder.ro\/app\/2026\/05\/01\/trump-ameninta-cu-retragerea-trupelor-din-italia-si-spania-dupa-germania\/","title":{"rendered":"Trump amenin\u021b\u0103 cu retragerea trupelor din Italia \u0219i Spania dup\u0103 Germania!"},"content":{"rendered":"<p style=\"text-align: left\">Recent, Donald Trump a f\u0103cut un anun\u021b care amplific\u0103 tensiunile existente \u00eentre Washington \u0219i mai mul\u021bi alia\u021bi europeni, \u00een special \u00een contextul conflictului din Iran, conform unei relat\u0103ri de la <a href=\"https:\/\/www.lefigaro.fr\/international\/donald-trump-envisage-aussi-un-probable-retrait-de-militaires-americains-stationnes-en-italie-et-en-espagne-20260430\" target=\"_blank\" rel=\"noopener\">Le Figaro<\/a>. Trump a declarat pe platforma sa Truth Social c\u0103 \u201eo decizie va fi luat\u0103 foarte cur\u00e2nd\u201d, f\u0103r\u0103 a oferi detalii suplimentare despre amploarea sau calendarul unei posibile retrageri a trupelor americane.<\/p>\n<p style=\"text-align: left\">Aceste afirma\u021bii ale pre\u0219edintelui sugereaz\u0103 o posibil\u0103 recalibrare a prezen\u021bei militare americane \u00een Europa, \u00een contextul \u00een care Washingtonul a exprimat nemul\u021bumiri cu privire la lipsa de implicare a unor alia\u021bi \u00een conflictul cu Iranul.<\/p>\n<p style=\"text-align: left\">\u00centr-o declara\u021bie din aceast\u0103 s\u0103pt\u0103m\u00e2n\u0103, Trump a men\u021bionat c\u0103 ia \u00een considerare \u0219i reducerea efectivelor militare din Germania, dup\u0103 un schimb de replici aprinse cu cancelarul german Friedrich Merz. Merz a afirmat c\u0103 \u201eamericanii nu au, \u00een mod evident, nicio strategie\u201d \u00een Iran, subliniind c\u0103 Teheranul \u201eumile\u0219te\u201d prima putere mondial\u0103, ceea ce a provocat o reac\u021bie ferm\u0103 din partea liderului american.<\/p>\n<p style=\"text-align: left\">De\u0219i Merz nu a r\u0103spuns direct amenin\u021b\u0103rilor lui Trump privind retragerea trupelor, el a subliniat importan\u021ba men\u021binerii unui \u201eparteneriat transatlantic de \u00eencredere\u201d \u00een cadrul NATO.<\/p>\n<p style=\"text-align: left\">Baze importante ale armatei americane se afl\u0103 \u00een Italia, Spania \u0219i Germania, acestea fiind esen\u021biale pentru opera\u021biuni aeriene, navale \u0219i logistice, precum \u0219i pentru desf\u0103\u0219ur\u0103ri militare \u00een alte regiuni. O eventual\u0103 reducere a acestor trupe ar reprezenta o schimbare semnificativ\u0103 \u00een postura militar\u0103 a Statelor Unite \u00een Europa \u0219i ar putea influen\u021ba capacitatea de reac\u021bie rapid\u0103 a alian\u021bei NATO.<\/p>\n<p><strong>Presiuni asupra alia\u021bilor NATO<\/strong><\/p>\n<p style=\"text-align: left\">\u00cen plus, conform unor surse anterioare, Washingtonul analizeaz\u0103 \u0219i alte metode de presiune asupra alia\u021bilor occidentali. Printre acestea s-ar putea num\u0103ra suspendarea Spaniei din NATO \u0219i revizuirea pozi\u021biei SUA cu privire la Insulele Falkland, ca r\u0103spuns la lipsa de sprijin din partea unor parteneri \u00een conflictul cu Iranul.<\/p>\n<p style=\"text-align: left\">Insulele Falkland, un teritoriu britanic de peste m\u0103ri situat \u00een Atlanticul de Sud, sunt revendicate de Argentina, iar disputa a dus la un conflict militar \u00een 1982. De-a lungul timpului, Statele Unite au sus\u021binut de obicei pozi\u021bia Regatului Unit, iar o posibil\u0103 schimbare de atitudine ar putea avea implica\u021bii diplomatice sensibile \u00een rela\u021bia cu Londra.<\/p>\n","protected":false},"excerpt":{"rendered":"<p>Recent, Donald Trump a f\u0103cut un anun\u021b care amplific\u0103 tensiunile existente \u00eentre Washington \u0219i mai mul\u021bi alia\u021bi europeni, \u00een special \u00een contextul conflictului din Iran, conform unei relat\u0103ri de la Le Figaro. Trump a declarat pe platforma sa Truth Social c\u0103 \u201eo decizie va fi luat\u0103 foarte cur\u00e2nd\u201d, f\u0103r\u0103 a oferi detalii suplimentare despre amploarea [&hellip;]<\/p>\n","protected":false},"author":2,"featured_media":16914,"comment_status":"open","ping_status":"open","sticky":false,"template":"","format":"standard","meta":{"jnews-multi-image_gallery":[],"jnews_single_post":[],"jnews_primary_category":[],"jnews_override_counter":[],"footnotes":""},"categories":[39],"tags":[684,4296,19149,913,9324,988,1735,2065],"class_list":["post-16913","post","type-post","status-publish","format-standard","has-post-thumbnail","hentry","category-stirile-zilei","tag-conflict","tag-europeni","tag-germani","tag-iran","tag-militare","tag-retragere","tag-trump","tag-washington"],"_links":{"self":[{"href":"https:\/\/www.newsrecorder.ro\/app\/wp-json\/wp\/v2\/posts\/16913","targetHints":{"allow":["GET"]}}],"collection":[{"href":"https:\/\/www.newsrecorder.ro\/app\/wp-json\/wp\/v2\/posts"}],"about":[{"href":"https:\/\/www.newsrecorder.ro\/app\/wp-json\/wp\/v2\/types\/post"}],"author":[{"embeddable":true,"href":"https:\/\/www.newsrecorder.ro\/app\/wp-json\/wp\/v2\/users\/2"}],"replies":[{"embeddable":true,"href":"https:\/\/www.newsrecorder.ro\/app\/wp-json\/wp\/v2\/comments?post=16913"}],"version-history":[{"count":0,"href":"https:\/\/www.newsrecorder.ro\/app\/wp-json\/wp\/v2\/posts\/16913\/revisions"}],"wp:featuredmedia":[{"embeddable":true,"href":"https:\/\/www.newsrecorder.ro\/app\/wp-json\/wp\/v2\/media\/16914"}],"wp:attachment":[{"href":"https:\/\/www.newsrecorder.ro\/app\/wp-json\/wp\/v2\/media?parent=16913"}],"wp:term":[{"taxonomy":"category","embeddable":true,"href":"https:\/\/www.newsrecorder.ro\/app\/wp-json\/wp\/v2\/categories?post=16913"},{"taxonomy":"post_tag","embeddable":true,"href":"https:\/\/www.newsrecorder.ro\/app\/wp-json\/wp\/v2\/tags?post=16913"}],"curies":[{"name":"wp","href":"https:\/\/api.w.org\/{rel}","templated":true}]}}