{"id":16915,"date":"2026-05-01T00:42:35","date_gmt":"2026-05-01T00:42:35","guid":{"rendered":"https:\/\/www.newsrecorder.ro\/app\/2026\/05\/01\/sosoaca-americanii-si-rusii-nu-au-inchisori-care-sa-ma-infrunte\/"},"modified":"2026-05-01T00:42:35","modified_gmt":"2026-05-01T00:42:35","slug":"sosoaca-americanii-si-rusii-nu-au-inchisori-care-sa-ma-infrunte","status":"publish","type":"post","link":"https:\/\/www.newsrecorder.ro\/app\/2026\/05\/01\/sosoaca-americanii-si-rusii-nu-au-inchisori-care-sa-ma-infrunte\/","title":{"rendered":"\u0218o\u0219oac\u0103: &#8222;Americanii \u0219i ru\u0219ii nu au \u00eenchisori care s\u0103 m\u0103 \u00eenfrunte!&#8221;"},"content":{"rendered":"<p style=\"text-align: left\">\u00centr-un discurs captivant adresat sus\u021bin\u0103torilor s\u0103i la Otopeni, Diana \u0218o\u0219oac\u0103 a declarat c\u0103 nu \u00eei este fric\u0103 de anchetele care o vizeaz\u0103, subliniind c\u0103 nu exist\u0103 \u00eenchisori capabile s\u0103 o \u201e\u00eengenuncheze\u201d.<\/p>\n<p style=\"text-align: left\">\u201eNu mi-e fric\u0103. Nu au ei pu\u0219c\u0103rii \u0219i aresturi care s\u0103 m\u0103 poat\u0103 \u00eengenunchea. \u0218i americanii, \u0219i ru\u0219ii mi-au spus acela\u0219i lucru: Nici m\u0103car noi nu avem \u00eenchisori care s\u0103 v\u0103 fac\u0103 fa\u021b\u0103\u201d, a afirmat europarlamentara cu o \u00eencredere debordant\u0103.<\/p>\n<p style=\"text-align: left\">\u00cen continuare, \u0218o\u0219oac\u0103 a lansat avertismente pentru conduc\u0103torii penitenciarelor, critic\u00e2nd condi\u021biile din \u00eenchisori. \u201eV\u0103 da\u021bi seama c\u0103 Rom\u00e2nia e vai de mama ei, ce \u00eenchisori avem. Se poate \u0219i evada\u201d, a ad\u0103ugat ea.<\/p>\n<p style=\"text-align: left\">Dac\u0103 ar ajunge \u00een deten\u021bie, europarlamentara a promis c\u0103 va ac\u021biona legal \u00eempotriva autorit\u0103\u021bilor. \u201eDac\u0103 m\u0103 duc acolo, \u00eei avertizez pe to\u021bi directorii de \u00eenchisoare \u0219i pe \u0219eful penitenciarelor, precum \u0219i pe ministrul Justi\u021biei c\u0103 le voi face pl\u00e2ngeri na\u021bionale \u0219i interna\u021bionale pentru toate crimele \u0219i violurile care se petrec \u00een pu\u0219c\u0103rie, dar \u0219i pentru toat\u0103 mafia care se afl\u0103 \u00een spatele magazinelor ce apar\u021bin oamenilor politici\u201d, a spus \u0218o\u0219oac\u0103.<\/p>\n<p style=\"text-align: left\">Referindu-se la ridicarea imunit\u0103\u021bii, Diana \u0218o\u0219oac\u0103 a semnalat c\u0103, \u00een aceea\u0219i zi, \u0219i al\u021bi europarlamentari au r\u0103mas f\u0103r\u0103 imunitate. \u201eOdat\u0103 cu mine, s-a ridicat imunitatea a \u00eenc\u0103 cinci colegi. Este pentru prima dat\u0103 \u00een istorie c\u00e2nd, \u00eentr-o legislatur\u0103 a Parlamentului European, \u00eentr-un an \u0219i zece luni, se ridic\u0103 50 de imunit\u0103\u021bi. Cei mai mul\u021bi sunt polonezii\u201d, a explicat ea.<\/p>\n<p style=\"text-align: left\">\u0218o\u0219oac\u0103 a contestat motivele pentru care se ridic\u0103 imunit\u0103\u021bile, consider\u00e2ndu-le minore. \u201eC\u0103 l-a \u00eenjurat pe un judec\u0103tor, c\u0103 i-a smuls microfonul uneia din opozi\u021bie \u00een timpul unui protest, c\u0103 a \u00eenjurat un procuror sau c\u0103 a postat ceva pe Facebook sau TikTok\u201d, a detaliat europarlamentara.<\/p>\n<p style=\"text-align: left\">Diana \u0218o\u0219oac\u0103 a adus \u00een discu\u021bie \u0219i geopolitica, afirm\u00e2nd c\u0103 Rom\u00e2nia este \u201eo multicolonie\u201d, sub influen\u021ba mai multor puteri externe. \u201eSuntem colonie american\u0103, israelian\u0103, francez\u0103, din partea Uniunii Europene, austriac\u0103, german\u0103; suntem o multicolonie \u0219i a\u0219a ne place nou\u0103. Acum se bat to\u021bi pe putere\u201d, a subliniat ea.<\/p>\n<p style=\"text-align: left\">\u00cen opinia ei, conflictul dintre marile puteri ar putea avea un rezultat favorabil pentru Rusia. \u201e\u0218i s-ar putea, \u0219ti\u021bi cum e, c\u00e2nd to\u021bi se ceart\u0103, s-ar putea ca Rusia s\u0103 c\u00e2\u0219tige, a\u0219a cum c\u00e2\u0219tig\u0103 de obicei,\u201d a comentat aceasta.<\/p>\n<p style=\"text-align: left\">\u00cen ceea ce prive\u0219te Uniunea European\u0103, \u0218o\u0219oac\u0103 a informat publicul c\u0103 exist\u0103 discu\u021bii referitoare la posibila destr\u0103mare a acesteia. \u201eDeja au loc discu\u021bii foarte serioase. \u00cen 2028, cred c\u0103 va \u00eencepe dezintegrarea Uniunii Europene, iar \u00een 2030 nu cred c\u0103 va mai exista\u201d, a concluzionat europarlamentara.<\/p>\n","protected":false},"excerpt":{"rendered":"<p>\u00centr-un discurs captivant adresat sus\u021bin\u0103torilor s\u0103i la Otopeni, Diana \u0218o\u0219oac\u0103 a declarat c\u0103 nu \u00eei este fric\u0103 de anchetele care o vizeaz\u0103, subliniind c\u0103 nu exist\u0103 \u00eenchisori capabile s\u0103 o \u201e\u00eengenuncheze\u201d. \u201eNu mi-e fric\u0103. Nu au ei pu\u0219c\u0103rii \u0219i aresturi care s\u0103 m\u0103 poat\u0103 \u00eengenunchea. \u0218i americanii, \u0219i ru\u0219ii mi-au spus acela\u0219i lucru: Nici m\u0103car [&hellip;]<\/p>\n","protected":false},"author":2,"featured_media":16916,"comment_status":"open","ping_status":"open","sticky":false,"template":"","format":"standard","meta":{"jnews-multi-image_gallery":[],"jnews_single_post":[],"jnews_primary_category":[],"jnews_override_counter":[],"footnotes":""},"categories":[39],"tags":[19152,15378,19150,4943,1315,19151,1319,12559],"class_list":["post-16915","post","type-post","status-publish","format-standard","has-post-thumbnail","hentry","category-stirile-zilei","tag-anchete","tag-conditii","tag-diana-sosoaca","tag-discurs","tag-evadare","tag-inchisori","tag-justitie","tag-penitenciare"],"_links":{"self":[{"href":"https:\/\/www.newsrecorder.ro\/app\/wp-json\/wp\/v2\/posts\/16915","targetHints":{"allow":["GET"]}}],"collection":[{"href":"https:\/\/www.newsrecorder.ro\/app\/wp-json\/wp\/v2\/posts"}],"about":[{"href":"https:\/\/www.newsrecorder.ro\/app\/wp-json\/wp\/v2\/types\/post"}],"author":[{"embeddable":true,"href":"https:\/\/www.newsrecorder.ro\/app\/wp-json\/wp\/v2\/users\/2"}],"replies":[{"embeddable":true,"href":"https:\/\/www.newsrecorder.ro\/app\/wp-json\/wp\/v2\/comments?post=16915"}],"version-history":[{"count":0,"href":"https:\/\/www.newsrecorder.ro\/app\/wp-json\/wp\/v2\/posts\/16915\/revisions"}],"wp:featuredmedia":[{"embeddable":true,"href":"https:\/\/www.newsrecorder.ro\/app\/wp-json\/wp\/v2\/media\/16916"}],"wp:attachment":[{"href":"https:\/\/www.newsrecorder.ro\/app\/wp-json\/wp\/v2\/media?parent=16915"}],"wp:term":[{"taxonomy":"category","embeddable":true,"href":"https:\/\/www.newsrecorder.ro\/app\/wp-json\/wp\/v2\/categories?post=16915"},{"taxonomy":"post_tag","embeddable":true,"href":"https:\/\/www.newsrecorder.ro\/app\/wp-json\/wp\/v2\/tags?post=16915"}],"curies":[{"name":"wp","href":"https:\/\/api.w.org\/{rel}","templated":true}]}}