{"id":16917,"date":"2026-05-01T00:42:50","date_gmt":"2026-05-01T00:42:50","guid":{"rendered":"https:\/\/www.newsrecorder.ro\/app\/2026\/05\/01\/protest-la-otopeni-sustinatorii-dianei-sosoaca-contesta-ridicarea-imunitatii\/"},"modified":"2026-05-01T00:42:50","modified_gmt":"2026-05-01T00:42:50","slug":"protest-la-otopeni-sustinatorii-dianei-sosoaca-contesta-ridicarea-imunitatii","status":"publish","type":"post","link":"https:\/\/www.newsrecorder.ro\/app\/2026\/05\/01\/protest-la-otopeni-sustinatorii-dianei-sosoaca-contesta-ridicarea-imunitatii\/","title":{"rendered":"Protest la Otopeni: Sus\u021bin\u0103torii Dianei \u0218o\u0219oac\u0103 contest\u0103 ridicarea imunit\u0103\u021bii"},"content":{"rendered":"<p>Europarlamentara Diana \u0218o\u0219oac\u0103, lidera partidului S.O.S. Rom\u00e2nia, s-a \u00eentors joi sear\u0103 de la Strasbourg, unde a participat la sesiunea plenar\u0103 a Parlamentului European. La Aeroportul Otopeni, ea a avut parte de o primire c\u0103lduroas\u0103 din partea sus\u021bin\u0103torilor s\u0103i, care au venit s\u0103-\u0219i exprime sprijinul \u0219i s\u0103 protesteze \u00eempotriva deciziei Parlamentului European de a-i ridica imunitatea.<\/p>\n<p>O mul\u021bime de simpatizan\u021bi, c\u00e2teva zeci la num\u0103r, au fluturat steaguri tricolore \u0219i flori, scand\u00e2nd mesaje de sus\u021binere precum \u201eDiana, Diana\u201d, \u201eDiana te iubim\u201d \u0219i \u201eDiana pre\u0219edinte\u201d. Protestatarii au purtat pancarte cu mesajul \u201eSolidari cu Diana \u0218o\u0219oac\u0103\u201d \u0219i au adus multe steaguri ale partidului S.O.S. Rom\u00e2nia.<\/p>\n<p>\u00cen timpul protestului, participan\u021bii au discutat despre salariile mici, exprim\u00e2ndu-\u0219i nemul\u021bumirea fa\u021b\u0103 de faptul c\u0103 sunt pl\u0103ti\u021bi \u201ela minim pe economie\u201d.<\/p>\n<p>Diana \u0218o\u0219oac\u0103 a \u00eembr\u0103\u021bi\u0219at atmosfera de solidaritate, al\u0103tur\u00e2ndu-se mul\u021bimii \u0219i d\u00e2nd startul la scand\u0103ri pline de mesaj protestatar. \u201eLa lupt\u0103!\u201d, \u201eRevolu\u021bie!\u201d, \u201eAdev\u0103rul, adev\u0103rul!\u201d, \u201eRom\u00e2nia liber\u0103\u201d, \u201eJos tr\u0103d\u0103torii\u201d \u0219i \u201eTr\u0103d\u0103torii la canal\u201d au fost c\u00e2teva dintre lozincile strigate de ea, fiind imediat preluate de sus\u021bin\u0103tori.<\/p>\n<p>\u201eNu mi-e fric\u0103. Nu au ei pu\u0219c\u0103rii \u0219i aresturi ca s\u0103 m\u0103 poat\u0103 \u00eengenunchea\u201d, le-a declarat europarlamentara celor aduna\u021bi la aeroport, \u00eent\u0103rind astfel mesajul de determinare \u0219i rezisten\u021b\u0103.<\/p>\n<p>Pe de alt\u0103 parte, la solicitarea autorit\u0103\u021bilor rom\u00e2ne, <a href=\"https:\/\/www.mediafax.ro\/politic\/breaking-news-parlamentul-european-a-votat-pentru-ridicarea-imunitatii-dianei-sosoaca-23727838\">plenul Parlamentului European a votat mar\u021bi pentru ridicarea imunit\u0103\u021bii Dianei \u0218o\u0219oac\u0103<\/a>, dup\u0103 ce Comisia juridic\u0103 a dat un aviz favorabil. Aceast\u0103 decizie permite procurorilor s\u0103 continue investiga\u021biile \u00eentr-un dosar penal care include mai multe presupuse infrac\u021biuni comise \u00eentre 10 decembrie 2021 \u0219i 11 februarie 2025.<\/p>\n<p>Printre acuza\u021biile formulate se num\u0103r\u0103 propagand\u0103 legionar\u0103, promovarea cultului unor persoane condamnate pentru crime de r\u0103zboi, declara\u021bii cu caracter antisemit, dar \u0219i lipsire de libertate \u00een mod ilegal \u0219i ultraj. Ridicarea imunit\u0103\u021bii a eliminat un obstacol procedural \u00een calea anchetei, permi\u021b\u00e2nd astfel continuarea investiga\u021biilor.<\/p>\n","protected":false},"excerpt":{"rendered":"<p>Europarlamentara Diana \u0218o\u0219oac\u0103, lidera partidului S.O.S. Rom\u00e2nia, s-a \u00eentors joi sear\u0103 de la Strasbourg, unde a participat la sesiunea plenar\u0103 a Parlamentului European. La Aeroportul Otopeni, ea a avut parte de o primire c\u0103lduroas\u0103 din partea sus\u021bin\u0103torilor s\u0103i, care au venit s\u0103-\u0219i exprime sprijinul \u0219i s\u0103 protesteze \u00eempotriva deciziei Parlamentului European de a-i ridica imunitatea. [&hellip;]<\/p>\n","protected":false},"author":2,"featured_media":16918,"comment_status":"open","ping_status":"open","sticky":false,"template":"","format":"standard","meta":{"jnews-multi-image_gallery":[],"jnews_single_post":[],"jnews_primary_category":[],"jnews_override_counter":[],"footnotes":""},"categories":[39],"tags":[19150,4659,634,19153,270,19154,1482,457],"class_list":["post-16917","post","type-post","status-publish","format-standard","has-post-thumbnail","hentry","category-stirile-zilei","tag-diana-sosoaca","tag-imunitate","tag-parlamentul-european","tag-partidul-s-o-s-romania","tag-protest","tag-salarii-mici","tag-solidaritate","tag-sustinatori"],"_links":{"self":[{"href":"https:\/\/www.newsrecorder.ro\/app\/wp-json\/wp\/v2\/posts\/16917","targetHints":{"allow":["GET"]}}],"collection":[{"href":"https:\/\/www.newsrecorder.ro\/app\/wp-json\/wp\/v2\/posts"}],"about":[{"href":"https:\/\/www.newsrecorder.ro\/app\/wp-json\/wp\/v2\/types\/post"}],"author":[{"embeddable":true,"href":"https:\/\/www.newsrecorder.ro\/app\/wp-json\/wp\/v2\/users\/2"}],"replies":[{"embeddable":true,"href":"https:\/\/www.newsrecorder.ro\/app\/wp-json\/wp\/v2\/comments?post=16917"}],"version-history":[{"count":0,"href":"https:\/\/www.newsrecorder.ro\/app\/wp-json\/wp\/v2\/posts\/16917\/revisions"}],"wp:featuredmedia":[{"embeddable":true,"href":"https:\/\/www.newsrecorder.ro\/app\/wp-json\/wp\/v2\/media\/16918"}],"wp:attachment":[{"href":"https:\/\/www.newsrecorder.ro\/app\/wp-json\/wp\/v2\/media?parent=16917"}],"wp:term":[{"taxonomy":"category","embeddable":true,"href":"https:\/\/www.newsrecorder.ro\/app\/wp-json\/wp\/v2\/categories?post=16917"},{"taxonomy":"post_tag","embeddable":true,"href":"https:\/\/www.newsrecorder.ro\/app\/wp-json\/wp\/v2\/tags?post=16917"}],"curies":[{"name":"wp","href":"https:\/\/api.w.org\/{rel}","templated":true}]}}