{"id":16921,"date":"2026-05-01T00:43:13","date_gmt":"2026-05-01T00:43:13","guid":{"rendered":"https:\/\/www.newsrecorder.ro\/app\/2026\/05\/01\/restrictii-de-trafic-pentru-camioane-de-peste-75-tone-in-ungaria\/"},"modified":"2026-05-01T00:43:13","modified_gmt":"2026-05-01T00:43:13","slug":"restrictii-de-trafic-pentru-camioane-de-peste-75-tone-in-ungaria","status":"publish","type":"post","link":"https:\/\/www.newsrecorder.ro\/app\/2026\/05\/01\/restrictii-de-trafic-pentru-camioane-de-peste-75-tone-in-ungaria\/","title":{"rendered":"Restric\u021bii de trafic pentru camioane de peste 7,5 tone \u00een Ungaria!"},"content":{"rendered":"<p>\u00cen data de joi, Ministerul Afacerilor Externe (MAE) a lansat o aten\u021bionare de c\u0103l\u0103torie destinat\u0103 cet\u0103\u021benilor rom\u00e2ni implica\u021bi \u00een activit\u0103\u021bi de transport de marf\u0103, care se afl\u0103, tranziteaz\u0103 sau planific\u0103 s\u0103 c\u0103l\u0103toreasc\u0103 \u00een Ungaria.<\/p>\n<p>Conform informa\u021biilor furnizate de MAE, este interzis\u0103 circula\u021bia vehiculelor cu masa maxim\u0103 autorizat\u0103 ce dep\u0103\u0219e\u0219te 7,5 tone pe teritoriul Ungariei, \u00eencep\u00e2nd cu 1 mai 2026, de la ora 6:00 p\u00e2n\u0103 la 22:00, ora local\u0103. Aceast\u0103 restric\u021bie se va extinde \u0219i \u00een zilele urm\u0103toare, fiind valabil\u0103 din 2 mai 2026, ora 22:00, p\u00e2n\u0103 pe 3 mai 2026, ora 22:00.<\/p>\n<p>Cet\u0103\u021benii rom\u00e2ni afla\u021bi \u00een dificultate sau care necesit\u0103 asisten\u021b\u0103 consular\u0103 pot contacta Ambasada Rom\u00e2niei la Budapesta la num\u0103rul de telefon +3613847689, Consulatul General al Rom\u00e2niei la Szeged la +3662424431, sau Consulatul General al Rom\u00e2niei la Gyula la numerele +3666464579 \u0219i +3666477147. Apelurile vor fi direc\u021bionate c\u0103tre Centrul de Contact \u0219i Suport al Cet\u0103\u021benilor Rom\u00e2ni din Str\u0103in\u0103tate (CCSCRS) \u0219i vor fi preluate de operatori Call Center, disponibili non-stop.<\/p>\n<p>\u00cen plus, cet\u0103\u021benii rom\u00e2ni care se confrunt\u0103 cu situa\u021bii de urgen\u021b\u0103 pot apela telefoanele de urgen\u021b\u0103 ale Ambasadei Rom\u00e2niei \u00een Ungaria, la +36305356912, ale Consulatului General al Rom\u00e2niei la Szeged, la +36306777980, \u0219i ale Consulatului General al Rom\u00e2niei la Gyula, la +36306357181.<\/p>\n<p>MAE recomand\u0103 de asemenea consultarea site-urilor oficiale:<\/p>\n<ul>\n<li><a href=\"https:\/\/budapesta.mae.ro\/\" target=\"_blank\" rel=\"noopener\">Ambasada Rom\u00e2niei la Budapesta<\/a><\/li>\n<li><a href=\"https:\/\/szeged.mae.ro\/\" target=\"_blank\" rel=\"noopener\">Consulatul General al Rom\u00e2niei la Szeged<\/a><\/li>\n<li><a href=\"https:\/\/gyula.mae.ro\/\" target=\"_blank\" rel=\"noopener\">Consulatul General al Rom\u00e2niei la Gyula<\/a><\/li>\n<li><a href=\"https:\/\/www.mae.ro\/\" target=\"_blank\" rel=\"noopener\">Ministerul Afacerilor Externe<\/a><\/li>\n<\/ul>\n<p>De asemenea, MAE atrage aten\u021bia cet\u0103\u021benilor rom\u00e2ni care c\u0103l\u0103toresc \u00een afaceri sau \u00een scop turistic c\u0103 pot utiliza aplica\u021bia \u201eC\u0103l\u0103tore\u0219te informat\u201d, disponibil\u0103 pentru <a href=\"https:\/\/apps.apple.com\/ro\/app\/c%C4%83l%C4%83tore%C8%99te-informat\/id6452016795\" target=\"_blank\" rel=\"noopener\">iOS<\/a> \u0219i <a href=\"https:\/\/play.google.com\/store\/apps\/details?id=com.mae.alerte&amp;hl=ro\" target=\"_blank\" rel=\"noopener\">Android<\/a>, care ofer\u0103 informa\u021bii utile \u0219i sfaturi de c\u0103l\u0103torie.<\/p>\n","protected":false},"excerpt":{"rendered":"<p>\u00cen data de joi, Ministerul Afacerilor Externe (MAE) a lansat o aten\u021bionare de c\u0103l\u0103torie destinat\u0103 cet\u0103\u021benilor rom\u00e2ni implica\u021bi \u00een activit\u0103\u021bi de transport de marf\u0103, care se afl\u0103, tranziteaz\u0103 sau planific\u0103 s\u0103 c\u0103l\u0103toreasc\u0103 \u00een Ungaria. Conform informa\u021biilor furnizate de MAE, este interzis\u0103 circula\u021bia vehiculelor cu masa maxim\u0103 autorizat\u0103 ce dep\u0103\u0219e\u0219te 7,5 tone pe teritoriul Ungariei, \u00eencep\u00e2nd [&hellip;]<\/p>\n","protected":false},"author":2,"featured_media":16922,"comment_status":"open","ping_status":"open","sticky":false,"template":"","format":"standard","meta":{"jnews-multi-image_gallery":[],"jnews_single_post":[],"jnews_primary_category":[],"jnews_override_counter":[],"footnotes":""},"categories":[39],"tags":[8459,79,4408,4184,692,19161,1924,4116],"class_list":["post-16921","post","type-post","status-publish","format-standard","has-post-thumbnail","hentry","category-stirile-zilei","tag-asistenta-consulara","tag-calatorie","tag-cetateni-romani","tag-mae","tag-restrictii","tag-transport-de-marfa","tag-ungaria","tag-vehicule"],"_links":{"self":[{"href":"https:\/\/www.newsrecorder.ro\/app\/wp-json\/wp\/v2\/posts\/16921","targetHints":{"allow":["GET"]}}],"collection":[{"href":"https:\/\/www.newsrecorder.ro\/app\/wp-json\/wp\/v2\/posts"}],"about":[{"href":"https:\/\/www.newsrecorder.ro\/app\/wp-json\/wp\/v2\/types\/post"}],"author":[{"embeddable":true,"href":"https:\/\/www.newsrecorder.ro\/app\/wp-json\/wp\/v2\/users\/2"}],"replies":[{"embeddable":true,"href":"https:\/\/www.newsrecorder.ro\/app\/wp-json\/wp\/v2\/comments?post=16921"}],"version-history":[{"count":0,"href":"https:\/\/www.newsrecorder.ro\/app\/wp-json\/wp\/v2\/posts\/16921\/revisions"}],"wp:featuredmedia":[{"embeddable":true,"href":"https:\/\/www.newsrecorder.ro\/app\/wp-json\/wp\/v2\/media\/16922"}],"wp:attachment":[{"href":"https:\/\/www.newsrecorder.ro\/app\/wp-json\/wp\/v2\/media?parent=16921"}],"wp:term":[{"taxonomy":"category","embeddable":true,"href":"https:\/\/www.newsrecorder.ro\/app\/wp-json\/wp\/v2\/categories?post=16921"},{"taxonomy":"post_tag","embeddable":true,"href":"https:\/\/www.newsrecorder.ro\/app\/wp-json\/wp\/v2\/tags?post=16921"}],"curies":[{"name":"wp","href":"https:\/\/api.w.org\/{rel}","templated":true}]}}