{"id":16925,"date":"2026-05-01T00:43:45","date_gmt":"2026-05-01T00:43:45","guid":{"rendered":"https:\/\/www.newsrecorder.ro\/app\/2026\/05\/01\/greva-in-grecia-turistii-trebuie-sa-stie-inainte-de-calatorie\/"},"modified":"2026-05-01T00:43:45","modified_gmt":"2026-05-01T00:43:45","slug":"greva-in-grecia-turistii-trebuie-sa-stie-inainte-de-calatorie","status":"publish","type":"post","link":"https:\/\/www.newsrecorder.ro\/app\/2026\/05\/01\/greva-in-grecia-turistii-trebuie-sa-stie-inainte-de-calatorie\/","title":{"rendered":"Grev\u0103 \u00een Grecia: Turi\u0219tii trebuie s\u0103 \u0219tie \u00eenainte de c\u0103l\u0103torie!"},"content":{"rendered":"<p>\u00cen contextul inten\u021biei de participare la ac\u021biuni de protest de c\u0103tre mai multe categorii profesionale, tramvaiele \u0219i trenurile din Grecia vor r\u0103m\u00e2ne oprite pe parcursul zilei de 1 mai. Aceast\u0103 grev\u0103 va afecta semnificativ transportul \u00een \u00eentreaga \u021bar\u0103.<\/p>\n<p>\u00cen plus, metroul din Atena nu va fi operativ, iar este posibil ca modific\u0103ri s\u0103 apar\u0103 \u0219i \u00een programul altor mijloace de transport \u00een comun, cum ar fi autobuzele \u0219i troleibuzele, care circul\u0103 \u00een capitala elen\u0103.<\/p>\n<p>De asemenea, Confedera\u021bia Maritime Panelene a anun\u021bat participarea la grev\u0103 prin suspendarea transportului maritim pentru toate tipurile de nave. Astfel, se recomand\u0103 celor care planific\u0103 c\u0103l\u0103torii maritime s\u0103 verifice orarele acces\u00e2nd site-ul <a href=\"https:\/\/www.allovergreece.com\/en\/port-authorities-greece\">https:\/\/www.allovergreece.com\/en\/port-authorities-greece<\/a> sau s\u0103 contacteze operatorii de transport \u0219i agen\u021biile de turism pentru informa\u021bii actualizate.<\/p>\n<p>Ministerul Afacerilor Externe (MAE) al Rom\u00e2niei reaminte\u0219te cet\u0103\u021benilor rom\u00e2ni c\u0103 pot solicita asisten\u021b\u0103 consular\u0103 la numerele de telefon ale Ambasadei Rom\u00e2niei la Atena: +30 210 672 8875 \u0219i +30 210 672 8879, precum \u0219i la Consulatul General al Rom\u00e2niei la Salonic: +30 231 034 0088. Apelurile vor fi redirec\u021bionate c\u0103tre Centrul de Contact \u0219i Suport al Cet\u0103\u021benilor Rom\u00e2ni din Str\u0103in\u0103tate (CCSCRS), unde operatorii Call Center sunt disponibili nonstop.<\/p>\n<p>\u00cen situa\u021bii de urgen\u021b\u0103, cet\u0103\u021benii rom\u00e2ni pot apela numerele de urgen\u021b\u0103 ale Ambasadei din Atena: +30 697 899 6222 \u0219i ale Consulatului din Salonic: +30 690 647 9076.<\/p>\n<p>MAE recomand\u0103, de asemenea, consultarea site-urilor oficiale <a href=\"https:\/\/www.mae.ro\/(Sfaturi\">https:\/\/www.mae.ro\/(Sfaturi<\/a>, <a href=\"https:\/\/atena.mae.ro\">https:\/\/atena.mae.ro<\/a> \u0219i <a href=\"https:\/\/salonic.mae.ro\/\">https:\/\/salonic.mae.ro\/<\/a>, precum \u0219i utilizarea aplica\u021biei digitale \u201emAIGreece\u201d, dezvoltat\u0103 de Ministerul elen al Turismului, care este disponibil\u0103 \u0219i \u00een limba rom\u00e2n\u0103: <a href=\"https:\/\/www.gov.gr\/en\/upourgeia\/upourgeio-tourismou\/tourismou\/maigreece\">https:\/\/www.gov.gr\/en\/upourgeia\/upourgeio-tourismou\/tourismou\/maigreece<\/a>.<\/p>\n<p>\u00cen final, MAE le reaminte\u0219te rom\u00e2nilor care c\u0103l\u0103toresc \u00een str\u0103in\u0103tate c\u0103 au la dispozi\u021bie aplica\u021bia \u201eC\u0103l\u0103tore\u015fte informat\u201d, disponibil\u0103 at\u00e2t pe Android (<a href=\"https:\/\/play.google.com\/store\/apps\/details?id=com.mae.alerte&amp;hl=ro\">Google Play<\/a>), c\u00e2t \u0219i pe iOS (<a href=\"https:\/\/apps.apple.com\/ro\/app\/c%C4%83l%C4%83tore%C8%99te-informat\/id6452016795\">App Store<\/a>), care ofer\u0103 informa\u021bii utile \u0219i sfaturi de c\u0103l\u0103torie.<\/p>\n","protected":false},"excerpt":{"rendered":"<p>\u00cen contextul inten\u021biei de participare la ac\u021biuni de protest de c\u0103tre mai multe categorii profesionale, tramvaiele \u0219i trenurile din Grecia vor r\u0103m\u00e2ne oprite pe parcursul zilei de 1 mai. Aceast\u0103 grev\u0103 va afecta semnificativ transportul \u00een \u00eentreaga \u021bar\u0103. \u00cen plus, metroul din Atena nu va fi operativ, iar este posibil ca modific\u0103ri s\u0103 apar\u0103 \u0219i [&hellip;]<\/p>\n","protected":false},"author":2,"featured_media":16926,"comment_status":"open","ping_status":"open","sticky":false,"template":"","format":"standard","meta":{"jnews-multi-image_gallery":[],"jnews_single_post":[],"jnews_primary_category":[],"jnews_override_counter":[],"footnotes":""},"categories":[39],"tags":[1117,1274,4079,3668,270,19164,4185,814],"class_list":["post-16925","post","type-post","status-publish","format-standard","has-post-thumbnail","hentry","category-stirile-zilei","tag-calatorii","tag-grecia","tag-greva","tag-metrou","tag-protest","tag-tramvaie","tag-transport","tag-trenuri"],"_links":{"self":[{"href":"https:\/\/www.newsrecorder.ro\/app\/wp-json\/wp\/v2\/posts\/16925","targetHints":{"allow":["GET"]}}],"collection":[{"href":"https:\/\/www.newsrecorder.ro\/app\/wp-json\/wp\/v2\/posts"}],"about":[{"href":"https:\/\/www.newsrecorder.ro\/app\/wp-json\/wp\/v2\/types\/post"}],"author":[{"embeddable":true,"href":"https:\/\/www.newsrecorder.ro\/app\/wp-json\/wp\/v2\/users\/2"}],"replies":[{"embeddable":true,"href":"https:\/\/www.newsrecorder.ro\/app\/wp-json\/wp\/v2\/comments?post=16925"}],"version-history":[{"count":0,"href":"https:\/\/www.newsrecorder.ro\/app\/wp-json\/wp\/v2\/posts\/16925\/revisions"}],"wp:featuredmedia":[{"embeddable":true,"href":"https:\/\/www.newsrecorder.ro\/app\/wp-json\/wp\/v2\/media\/16926"}],"wp:attachment":[{"href":"https:\/\/www.newsrecorder.ro\/app\/wp-json\/wp\/v2\/media?parent=16925"}],"wp:term":[{"taxonomy":"category","embeddable":true,"href":"https:\/\/www.newsrecorder.ro\/app\/wp-json\/wp\/v2\/categories?post=16925"},{"taxonomy":"post_tag","embeddable":true,"href":"https:\/\/www.newsrecorder.ro\/app\/wp-json\/wp\/v2\/tags?post=16925"}],"curies":[{"name":"wp","href":"https:\/\/api.w.org\/{rel}","templated":true}]}}