{"id":16931,"date":"2026-05-01T03:57:46","date_gmt":"2026-05-01T03:57:46","guid":{"rendered":"https:\/\/www.newsrecorder.ro\/app\/2026\/05\/01\/tensiune-la-congresul-fifa-liderul-palestinian-evita-fotografia-cu-israelul\/"},"modified":"2026-05-01T03:57:46","modified_gmt":"2026-05-01T03:57:46","slug":"tensiune-la-congresul-fifa-liderul-palestinian-evita-fotografia-cu-israelul","status":"publish","type":"post","link":"https:\/\/www.newsrecorder.ro\/app\/2026\/05\/01\/tensiune-la-congresul-fifa-liderul-palestinian-evita-fotografia-cu-israelul\/","title":{"rendered":"Tensiune la Congresul FIFA: Liderul palestinian evit\u0103 fotografia cu Israelul!"},"content":{"rendered":"<p style=\"text-align: left\">Incidentul a avut loc dup\u0103 ce oficialii s-au adresat delega\u021bilor de la tribun\u0103. Pre\u0219edintele FIFA, Gianni Infantino, a f\u0103cut un apel c\u0103tre participan\u021bi s\u0103 pozeze \u00eempreun\u0103, \u00eens\u0103 Jibril Rajoub, pre\u0219edintele Federa\u021biei Palestiniene de Fotbal, a refuzat \u00een mod repetat aceast\u0103 sugestie, \u00een ciuda insisten\u021belor din partea lui Infantino.<\/p>\n<p style=\"text-align: left\">Conflictul dintre Federa\u021bia Palestinian\u0103 de Fotbal \u0219i FIFA a escaladat, av\u00e2nd \u00een vedere c\u0103 forul mondial a respins cererea palestinienilor de a impune sanc\u021biuni asupra Israelului. Palestinienii contest\u0103 participarea mai multor cluburi israeliene din coloniile din Cisiordania la competi\u021biile organizate de federa\u021bia israelian\u0103.<\/p>\n<p style=\"text-align: left\">Conform <a href=\"https:\/\/www.lefigaro.fr\/sports\/football\/congres-de-la-fifa-le-president-de-la-federation-palestinienne-refuse-une-photo-avec-un-dirigeant-israelien-20260501\" target=\"_blank\" rel=\"noopener\">Le Figaro<\/a>, Federa\u021bia Palestinian\u0103 de Fotbal a depus un apel la Tribunalul Arbitral al Sportului (TAS) \u00eempotriva deciziei FIFA de a nu sanc\u021biona Israelul.<\/p>\n<p style=\"text-align: left\">Cisiordania este sub ocupa\u021bie israelian\u0103 din 1967 \u0219i este adesea scena violen\u021belor, inclusiv atacuri efectuate de coloni\u0219ti israelieni. Aceast\u0103 disput\u0103 sportiv\u0103 este un reflex al tensiunilor politice mai ample din regiune.<\/p>\n<p style=\"text-align: left\">\u00cen octombrie 2024, exper\u021bi independen\u021bi desemna\u021bi de Organiza\u021bia Na\u021biunilor Unite au cerut FIFA s\u0103 respecte dreptul interna\u021bional, subliniind c\u0103 cel pu\u021bin opt cluburi joac\u0103 \u00een coloniile israeliene din teritoriile ocupate.<\/p>\n<p style=\"text-align: left\">\u201eCeea ce se \u00eent\u00e2mpl\u0103 \u00een Palestina este devastator: distrugerea tuturor bazelor sportive din Gaza, uciderea a sute de sportivi palestinieni \u0219i angaja\u021bi. Este timpul ca dreptatea s\u0103 fie f\u0103cut\u0103\u201d, a declarat un oficial palestinian.<\/p>\n<p style=\"text-align: left\">\u201ePersoana care vorbea \u00een numele Israelului nu ia \u00een considerare aceste suferin\u021be. Am refuzat s\u0103 \u00eei str\u00e2ng m\u00e2na. Cum a\u0219 fi putut s\u0103 pozez al\u0103turi de un astfel de om?\u201d, a ad\u0103ugat pre\u0219edintele federa\u021biei palestiniene, exprim\u00e2ndu-\u0219i indignarea fa\u021b\u0103 de situa\u021bia din regiune.<\/p>\n","protected":false},"excerpt":{"rendered":"<p>Incidentul a avut loc dup\u0103 ce oficialii s-au adresat delega\u021bilor de la tribun\u0103. Pre\u0219edintele FIFA, Gianni Infantino, a f\u0103cut un apel c\u0103tre participan\u021bi s\u0103 pozeze \u00eempreun\u0103, \u00eens\u0103 Jibril Rajoub, pre\u0219edintele Federa\u021biei Palestiniene de Fotbal, a refuzat \u00een mod repetat aceast\u0103 sugestie, \u00een ciuda insisten\u021belor din partea lui Infantino. Conflictul dintre Federa\u021bia Palestinian\u0103 de Fotbal \u0219i [&hellip;]<\/p>\n","protected":false},"author":6,"featured_media":16932,"comment_status":"open","ping_status":"open","sticky":false,"template":"","format":"standard","meta":{"jnews-multi-image_gallery":[],"jnews_single_post":[],"jnews_primary_category":[],"jnews_override_counter":[],"footnotes":""},"categories":[46],"tags":[11477,2994,19172,1115,7841,268,19171,19173],"class_list":["post-16931","post","type-post","status-publish","format-standard","has-post-thumbnail","hentry","category-sport","tag-cisiordania","tag-conflicte","tag-federatia-palestiniana-de-fotbal","tag-fifa","tag-gianni-infantino","tag-israel","tag-jibril-rajoub","tag-tribunalul-arbitral-al-sportului"],"_links":{"self":[{"href":"https:\/\/www.newsrecorder.ro\/app\/wp-json\/wp\/v2\/posts\/16931","targetHints":{"allow":["GET"]}}],"collection":[{"href":"https:\/\/www.newsrecorder.ro\/app\/wp-json\/wp\/v2\/posts"}],"about":[{"href":"https:\/\/www.newsrecorder.ro\/app\/wp-json\/wp\/v2\/types\/post"}],"author":[{"embeddable":true,"href":"https:\/\/www.newsrecorder.ro\/app\/wp-json\/wp\/v2\/users\/6"}],"replies":[{"embeddable":true,"href":"https:\/\/www.newsrecorder.ro\/app\/wp-json\/wp\/v2\/comments?post=16931"}],"version-history":[{"count":0,"href":"https:\/\/www.newsrecorder.ro\/app\/wp-json\/wp\/v2\/posts\/16931\/revisions"}],"wp:featuredmedia":[{"embeddable":true,"href":"https:\/\/www.newsrecorder.ro\/app\/wp-json\/wp\/v2\/media\/16932"}],"wp:attachment":[{"href":"https:\/\/www.newsrecorder.ro\/app\/wp-json\/wp\/v2\/media?parent=16931"}],"wp:term":[{"taxonomy":"category","embeddable":true,"href":"https:\/\/www.newsrecorder.ro\/app\/wp-json\/wp\/v2\/categories?post=16931"},{"taxonomy":"post_tag","embeddable":true,"href":"https:\/\/www.newsrecorder.ro\/app\/wp-json\/wp\/v2\/tags?post=16931"}],"curies":[{"name":"wp","href":"https:\/\/api.w.org\/{rel}","templated":true}]}}