{"id":16933,"date":"2026-05-01T03:57:58","date_gmt":"2026-05-01T03:57:58","guid":{"rendered":"https:\/\/www.newsrecorder.ro\/app\/2026\/05\/01\/iranul-va-juca-la-cm-2026-confirmarea-presedintelui-fifa\/"},"modified":"2026-05-01T03:57:58","modified_gmt":"2026-05-01T03:57:58","slug":"iranul-va-juca-la-cm-2026-confirmarea-presedintelui-fifa","status":"publish","type":"post","link":"https:\/\/www.newsrecorder.ro\/app\/2026\/05\/01\/iranul-va-juca-la-cm-2026-confirmarea-presedintelui-fifa\/","title":{"rendered":"Iranul va juca la CM 2026! Confirmarea pre\u0219edintelui FIFA"},"content":{"rendered":"<p>Gianni Infantino, pre\u0219edintele FIFA, a declarat cu fermitate c\u0103 \u201eIranul va participa categoric la Cupa Mondial\u0103 FIFA 2026. \u0218i, desigur, Iran va juca \u00een Statele Unite ale Americii.\u201d Aceast\u0103 afirma\u021bie vine \u00eentr-un context tensionat, av\u00e2nd \u00een vedere conflictul militar care se desf\u0103\u0219oar\u0103 de peste dou\u0103 luni \u00eentre Iran, Israel \u0219i Statele Unite.<\/p>\n<p>La \u00eenceputul acestui conflict, care a \u00eenceput pe 28 februarie, autorit\u0103\u021bile iraniene au luat \u00een considerare posibilitatea boicot\u0103rii competi\u021biei. \u00cen plus, au solicitat ca meciurile echipei na\u021bionale s\u0103 fie mutate \u00een Mexic, o cerere care a fost respins\u0103 de FIFA.<\/p>\n<p>De asemenea, fostul pre\u0219edinte american Donald Trump a exprimat anterior \u00eengrijor\u0103ri legate de siguran\u021ba fotbali\u0219tilor iranieni \u00een Statele Unite, de\u0219i a subliniat c\u0103 ace\u0219tia sunt \u201ebineveni\u021bi\u201d.<\/p>\n<p>Reprezentativa Iranului a fost repartizat\u0103 \u00een Grupa G a competi\u021biei \u0219i va debuta \u00een fa\u021ba Noii Zeelande pe 16 iunie la Inglewood. Ace\u0219tia vor juca apoi \u00eempotriva Belgiei pe 21 iunie, tot \u00een Inglewood, iar pe 27 iunie se vor confrunta cu Egiptul la Seattle.<\/p>\n<p>Este important de men\u021bionat c\u0103 Iranul este singura dintre cele 211 federa\u021bii membre FIFA care nu particip\u0103 la congresul organizat \u00een Canada.<\/p>\n","protected":false},"excerpt":{"rendered":"<p>Gianni Infantino, pre\u0219edintele FIFA, a declarat cu fermitate c\u0103 \u201eIranul va participa categoric la Cupa Mondial\u0103 FIFA 2026. \u0218i, desigur, Iran va juca \u00een Statele Unite ale Americii.\u201d Aceast\u0103 afirma\u021bie vine \u00eentr-un context tensionat, av\u00e2nd \u00een vedere conflictul militar care se desf\u0103\u0219oar\u0103 de peste dou\u0103 luni \u00eentre Iran, Israel \u0219i Statele Unite. La \u00eenceputul acestui [&hellip;]<\/p>\n","protected":false},"author":6,"featured_media":16934,"comment_status":"open","ping_status":"open","sticky":false,"template":"","format":"standard","meta":{"jnews-multi-image_gallery":[],"jnews_single_post":[],"jnews_primary_category":[],"jnews_override_counter":[],"footnotes":""},"categories":[46],"tags":[2994,2555,113,1115,7841,913,1118,850],"class_list":["post-16933","post","type-post","status-publish","format-standard","has-post-thumbnail","hentry","category-sport","tag-conflicte","tag-cupa-mondiala","tag-echipa-nationala","tag-fifa","tag-gianni-infantino","tag-iran","tag-siguranta","tag-sport"],"_links":{"self":[{"href":"https:\/\/www.newsrecorder.ro\/app\/wp-json\/wp\/v2\/posts\/16933","targetHints":{"allow":["GET"]}}],"collection":[{"href":"https:\/\/www.newsrecorder.ro\/app\/wp-json\/wp\/v2\/posts"}],"about":[{"href":"https:\/\/www.newsrecorder.ro\/app\/wp-json\/wp\/v2\/types\/post"}],"author":[{"embeddable":true,"href":"https:\/\/www.newsrecorder.ro\/app\/wp-json\/wp\/v2\/users\/6"}],"replies":[{"embeddable":true,"href":"https:\/\/www.newsrecorder.ro\/app\/wp-json\/wp\/v2\/comments?post=16933"}],"version-history":[{"count":0,"href":"https:\/\/www.newsrecorder.ro\/app\/wp-json\/wp\/v2\/posts\/16933\/revisions"}],"wp:featuredmedia":[{"embeddable":true,"href":"https:\/\/www.newsrecorder.ro\/app\/wp-json\/wp\/v2\/media\/16934"}],"wp:attachment":[{"href":"https:\/\/www.newsrecorder.ro\/app\/wp-json\/wp\/v2\/media?parent=16933"}],"wp:term":[{"taxonomy":"category","embeddable":true,"href":"https:\/\/www.newsrecorder.ro\/app\/wp-json\/wp\/v2\/categories?post=16933"},{"taxonomy":"post_tag","embeddable":true,"href":"https:\/\/www.newsrecorder.ro\/app\/wp-json\/wp\/v2\/tags?post=16933"}],"curies":[{"name":"wp","href":"https:\/\/api.w.org\/{rel}","templated":true}]}}