{"id":16935,"date":"2026-05-01T03:58:14","date_gmt":"2026-05-01T03:58:14","guid":{"rendered":"https:\/\/www.newsrecorder.ro\/app\/2026\/05\/01\/scm-timisoara-raspunde-dupa-suspendarea-antrenorului-george-buricea\/"},"modified":"2026-05-01T03:58:14","modified_gmt":"2026-05-01T03:58:14","slug":"scm-timisoara-raspunde-dupa-suspendarea-antrenorului-george-buricea","status":"publish","type":"post","link":"https:\/\/www.newsrecorder.ro\/app\/2026\/05\/01\/scm-timisoara-raspunde-dupa-suspendarea-antrenorului-george-buricea\/","title":{"rendered":"SCM Timi\u0219oara r\u0103spunde dup\u0103 suspendarea antrenorului George Buricea"},"content":{"rendered":"<p>\u00centr-o declara\u021bie recent\u0103, antrenorul echipei na\u021bionale de handbal a Rom\u00e2niei, George Buricea, a explicat circumstan\u021bele care au dus la o situa\u021bie medical\u0103 nepl\u0103cut\u0103 \u00een r\u00e2ndul juc\u0103torilor. \u201eSitua\u021bia este simpl\u0103. Un juc\u0103tor al na\u021bionalei, R\u0103zvan Trif, a acuzat o stare febril\u0103 sever\u0103, iar eu am solicitat imediat ajutor medical, deoarece doctorul echipei nu era prezent \u00een cantonament \u00een acel moment. R\u0103zvan a primit vitaminele B \u0219i C pentru a-i \u00eembun\u0103t\u0103\u021bi starea general\u0103, ceea ce s-a \u0219i \u00eent\u00e2mplat. Nu am nimic mai mult de ad\u0103ugat, dar v\u0103 pot asigura c\u0103 voi colabora pe deplin cu comisiile \u0219i instan\u021bele care se ocup\u0103 de acest caz\u201d, a declarat Buricea, conform unui comunicat emis de clubul din Timi\u0219oara.<\/p>\n<p>\u00centr-o decizie oficial\u0103, ANAD a anun\u021bat c\u0103 \u201e\u00eencep\u00e2nd cu data de 29 aprilie 2026, antrenorul Buricea George Ionu\u021b este suspendat provizoriu din activitatea sportiv\u0103, conform prevederilor art. 80 alin. (6) din Legea nr. 310\/2021 privind prevenirea \u0219i combaterea dopajului \u00een sport\u201d.<\/p>\n<p>Clubul SCM Timi\u0219oara a confirmat c\u0103 a fost informat despre decizia ANAD \u0219i a subliniat inten\u021bia antrenorului de a contesta aceast\u0103 m\u0103sur\u0103. \u201eDin p\u0103cate, George Buricea a fost suspendat pentru o \u00eenc\u0103lcare a regulamentului anti-doping \u00een luna decembrie. Este important de men\u021bionat c\u0103 nu este vorba despre substan\u021be dopante, ci despre o \u00eenc\u0103lcare a unei proceduri. Ieri sear\u0103 am primit notificarea, iar antrenorul va contesta decizia \u0219i va angaja un avocat pe cheltuiala sa. Am aflat despre aceasta abia asear\u0103, de\u0219i incidentul a avut loc pe 30 decembrie\u201d, a declarat directorul SCM Timi\u0219oara, Lauren\u021biu Marian.<\/p>\n<p>Decizia ANAD a fost luat\u0103 \u00een urma unei sesiz\u0103ri f\u0103cute de Comisia Medical\u0103 a Federa\u021biei Rom\u00e2ne de Handbal. Potrivit ANAD, \u201eAgen\u021bia Na\u021bional\u0103 Anti-Doping a fost alertat\u0103 de Comisia Medical\u0103 a Federa\u021biei Rom\u00e2ne de Handbal cu privire la un incident medical survenit \u00een cadrul lotului na\u021bional de handbal pe 30 decembrie 2025. Prin Nota de raport\/consultare medical\u0103 \u00eenregistrat\u0103 la ANAD cu nr. 2\/05.01.2026, ni s-a comunicat c\u0103 sportivul Trif R\u0103zvan Cristian a beneficiat de o perfuzie intravenoas\u0103, administrat\u0103 de personal medical extern, cu un volum ce dep\u0103\u0219e\u0219te 100 ml, \u00een loca\u021bia de cantonament, respectiv la hotel, \u00een afara cadrului legitim pentru tratamente medicale.\u201d<\/p>\n<p>Situa\u021bia va fi examinat\u0103 de Comisia de Disciplin\u0103 a Federa\u021biei Rom\u00e2ne de Handbal pe 5 mai. \u00cen urma deciziei ANAD, antrenorului i se interzice participarea la antrenamentele echipei. Clubul a anun\u021bat c\u0103, \u00een absen\u021ba lui Buricea, forma\u021bia va fi preg\u0103tit\u0103 pentru ultimele dou\u0103 etape din Liga Na\u021bional\u0103 de secunzii Andrei P\u0103iu\u0219 \u0219i Sorin S\u0103r\u0103ndan.<\/p>\n","protected":false},"excerpt":{"rendered":"<p>\u00centr-o declara\u021bie recent\u0103, antrenorul echipei na\u021bionale de handbal a Rom\u00e2niei, George Buricea, a explicat circumstan\u021bele care au dus la o situa\u021bie medical\u0103 nepl\u0103cut\u0103 \u00een r\u00e2ndul juc\u0103torilor. \u201eSitua\u021bia este simpl\u0103. Un juc\u0103tor al na\u021bionalei, R\u0103zvan Trif, a acuzat o stare febril\u0103 sever\u0103, iar eu am solicitat imediat ajutor medical, deoarece doctorul echipei nu era prezent \u00een [&hellip;]<\/p>\n","protected":false},"author":6,"featured_media":16936,"comment_status":"open","ping_status":"open","sticky":false,"template":"","format":"standard","meta":{"jnews-multi-image_gallery":[],"jnews_single_post":[],"jnews_primary_category":[],"jnews_override_counter":[],"footnotes":""},"categories":[46],"tags":[10915,838,9826,91,7425,149,706,19174],"class_list":["post-16935","post","type-post","status-publish","format-standard","has-post-thumbnail","hentry","category-sport","tag-ajutor-medical","tag-antrenor","tag-george-buricea","tag-handbal","tag-razvan-trif","tag-romania","tag-suspendare","tag-vitamine"],"_links":{"self":[{"href":"https:\/\/www.newsrecorder.ro\/app\/wp-json\/wp\/v2\/posts\/16935","targetHints":{"allow":["GET"]}}],"collection":[{"href":"https:\/\/www.newsrecorder.ro\/app\/wp-json\/wp\/v2\/posts"}],"about":[{"href":"https:\/\/www.newsrecorder.ro\/app\/wp-json\/wp\/v2\/types\/post"}],"author":[{"embeddable":true,"href":"https:\/\/www.newsrecorder.ro\/app\/wp-json\/wp\/v2\/users\/6"}],"replies":[{"embeddable":true,"href":"https:\/\/www.newsrecorder.ro\/app\/wp-json\/wp\/v2\/comments?post=16935"}],"version-history":[{"count":0,"href":"https:\/\/www.newsrecorder.ro\/app\/wp-json\/wp\/v2\/posts\/16935\/revisions"}],"wp:featuredmedia":[{"embeddable":true,"href":"https:\/\/www.newsrecorder.ro\/app\/wp-json\/wp\/v2\/media\/16936"}],"wp:attachment":[{"href":"https:\/\/www.newsrecorder.ro\/app\/wp-json\/wp\/v2\/media?parent=16935"}],"wp:term":[{"taxonomy":"category","embeddable":true,"href":"https:\/\/www.newsrecorder.ro\/app\/wp-json\/wp\/v2\/categories?post=16935"},{"taxonomy":"post_tag","embeddable":true,"href":"https:\/\/www.newsrecorder.ro\/app\/wp-json\/wp\/v2\/tags?post=16935"}],"curies":[{"name":"wp","href":"https:\/\/api.w.org\/{rel}","templated":true}]}}