{"id":16939,"date":"2026-05-01T03:58:42","date_gmt":"2026-05-01T03:58:42","guid":{"rendered":"https:\/\/www.newsrecorder.ro\/app\/2026\/05\/01\/romania-straluceste-cu-argint-la-cupa-europeana-de-gimnastica-ritmica\/"},"modified":"2026-05-01T03:58:42","modified_gmt":"2026-05-01T03:58:42","slug":"romania-straluceste-cu-argint-la-cupa-europeana-de-gimnastica-ritmica","status":"publish","type":"post","link":"https:\/\/www.newsrecorder.ro\/app\/2026\/05\/01\/romania-straluceste-cu-argint-la-cupa-europeana-de-gimnastica-ritmica\/","title":{"rendered":"Rom\u00e2nia str\u0103luce\u0219te cu argint la Cupa European\u0103 de gimnastic\u0103 ritmic\u0103!"},"content":{"rendered":"<p>Patricia Stanciu, recent desemnat\u0103 a treia gimnast\u0103 a Rom\u00e2niei \u00een 2025 de c\u0103tre Federa\u021bia Rom\u00e2n\u0103 de Gimnastic\u0103 Ritmic\u0103, a \u00eencheiat competi\u021bia de la cerc cu un <a href=\"https:\/\/results.smartscoring.com\/live-results\/53083515-5613-4276-836b-a01926c0d47c\/medal\" target=\"_blank\" rel=\"noopener\">total<\/a> impresionant de 25.150 puncte.<\/p>\n<p>Preg\u0103tit\u0103 de antrenoarele Adriana Mitroi \u0219i Diana V\u0103leanu, Patricia a fost foarte aproape de a c\u00e2\u0219tiga medalia de argint, fiind devansat\u0103 la limit\u0103 de rusoaica Kseniia Savinova, care a ob\u021binut 25.400 puncte.<\/p>\n<p>Stanciu a reu\u0219it s\u0103 ob\u021bin\u0103 cea mai mare not\u0103 din competi\u021bie la dificultate, cu un impresionant 10.3p, fiind singura gimnast\u0103 care a dep\u0103\u0219it pragul de 10 puncte. La execu\u021bie, a fost notat\u0103 cu 7.35, iar la elementele artistice a primit 7.5 puncte.<\/p>\n<p>Medalia de bronz a fost c\u00e2\u0219tigat\u0103 de ucraineanca Sofiia Kulikova, care a acumulat 25.000 puncte.<\/p>\n<p>\u00cen plus, Patricia Stanciu a mai participat la dou\u0103 obiecte, ocup\u00e2nd locul 13 la m\u0103ciuci cu 22.900 puncte \u0219i locul 16 la minge, unde a ob\u021binut 21.150 puncte.<\/p>\n<p>Rom\u00e2nia a fost reprezentat\u0103 \u0219i de Rebeca Ulvockzi, care a terminat pe locul 15 la panglic\u0103, cu un total de 21.050 puncte.<\/p>\n<p>\u00cen urm\u0103toarele zile, senioarele Amalia Lic\u0103 \u0219i Andreea Verde\u0219 vor intra pe terenul de concurs la Baku, aduc\u00e2nd speran\u021be noi pentru echipa Rom\u00e2niei.<\/p>\n","protected":false},"excerpt":{"rendered":"<p>Patricia Stanciu, recent desemnat\u0103 a treia gimnast\u0103 a Rom\u00e2niei \u00een 2025 de c\u0103tre Federa\u021bia Rom\u00e2n\u0103 de Gimnastic\u0103 Ritmic\u0103, a \u00eencheiat competi\u021bia de la cerc cu un total impresionant de 25.150 puncte. Preg\u0103tit\u0103 de antrenoarele Adriana Mitroi \u0219i Diana V\u0103leanu, Patricia a fost foarte aproape de a c\u00e2\u0219tiga medalia de argint, fiind devansat\u0103 la limit\u0103 de [&hellip;]<\/p>\n","protected":false},"author":6,"featured_media":16940,"comment_status":"open","ping_status":"open","sticky":false,"template":"","format":"standard","meta":{"jnews-multi-image_gallery":[],"jnews_single_post":[],"jnews_primary_category":[],"jnews_override_counter":[],"footnotes":""},"categories":[46],"tags":[56,19180,13933,18825,19179,95,19178,2748],"class_list":["post-16939","post","type-post","status-publish","format-standard","has-post-thumbnail","hentry","category-sport","tag-competitie","tag-dificultate","tag-executie","tag-federatia-romana-de-gimnastica","tag-gimnastica-ritmica","tag-medalii","tag-patricia-stanciu","tag-sportivi-romani"],"_links":{"self":[{"href":"https:\/\/www.newsrecorder.ro\/app\/wp-json\/wp\/v2\/posts\/16939","targetHints":{"allow":["GET"]}}],"collection":[{"href":"https:\/\/www.newsrecorder.ro\/app\/wp-json\/wp\/v2\/posts"}],"about":[{"href":"https:\/\/www.newsrecorder.ro\/app\/wp-json\/wp\/v2\/types\/post"}],"author":[{"embeddable":true,"href":"https:\/\/www.newsrecorder.ro\/app\/wp-json\/wp\/v2\/users\/6"}],"replies":[{"embeddable":true,"href":"https:\/\/www.newsrecorder.ro\/app\/wp-json\/wp\/v2\/comments?post=16939"}],"version-history":[{"count":0,"href":"https:\/\/www.newsrecorder.ro\/app\/wp-json\/wp\/v2\/posts\/16939\/revisions"}],"wp:featuredmedia":[{"embeddable":true,"href":"https:\/\/www.newsrecorder.ro\/app\/wp-json\/wp\/v2\/media\/16940"}],"wp:attachment":[{"href":"https:\/\/www.newsrecorder.ro\/app\/wp-json\/wp\/v2\/media?parent=16939"}],"wp:term":[{"taxonomy":"category","embeddable":true,"href":"https:\/\/www.newsrecorder.ro\/app\/wp-json\/wp\/v2\/categories?post=16939"},{"taxonomy":"post_tag","embeddable":true,"href":"https:\/\/www.newsrecorder.ro\/app\/wp-json\/wp\/v2\/tags?post=16939"}],"curies":[{"name":"wp","href":"https:\/\/api.w.org\/{rel}","templated":true}]}}