{"id":16943,"date":"2026-05-01T03:59:21","date_gmt":"2026-05-01T03:59:21","guid":{"rendered":"https:\/\/www.newsrecorder.ro\/app\/2026\/05\/01\/tensiuni-in-congresul-sua-ucraina-ramane-fara-fonduri-in-2027\/"},"modified":"2026-05-01T03:59:21","modified_gmt":"2026-05-01T03:59:21","slug":"tensiuni-in-congresul-sua-ucraina-ramane-fara-fonduri-in-2027","status":"publish","type":"post","link":"https:\/\/www.newsrecorder.ro\/app\/2026\/05\/01\/tensiuni-in-congresul-sua-ucraina-ramane-fara-fonduri-in-2027\/","title":{"rendered":"Tensiuni \u00een Congresul SUA: Ucraina r\u0103m\u00e2ne f\u0103r\u0103 fonduri \u00een 2027!"},"content":{"rendered":"<p style=\"text-align: left\">\u00cen cadrul audierilor dedicate bugetului Pentagonului pentru anul 2027, desf\u0103\u0219urate joi, mai mul\u021bi membri ai Congresului Statelor Unite au ridicat \u00eentreb\u0103ri cu privire la \u00eent\u00e2rzierea fondurilor aprobate pentru Ucraina. Ace\u0219tia au subliniat c\u0103 resursele financiare nu au fost \u00eenc\u0103 utilizate pe teren, provoc\u00e2nd \u00eengrijorare \u00een r\u00e2ndul parlamentarilor.<\/p>\n<p style=\"text-align: left\">Democrata Sarah Elfreth a acuzat Departamentul Ap\u0103r\u0103rii c\u0103 re\u021bine aproximativ 400 de milioane de dolari din asisten\u021ba de securitate destinat\u0103 Ucrainei. Aceasta a cerut l\u0103muriri cu privire la momentul \u00een care fondurile vor fi transformate \u00een contracte \u0219i livr\u0103ri efective, subliniind nevoia urgent\u0103 de ac\u021biune.<\/p>\n<p style=\"text-align: left\">Al\u021bi membri ai Congresului au subliniat c\u0103 suma men\u021bionat\u0103 beneficiaz\u0103 de un sprijin cov\u00e2r\u0219itor din partea legislativului \u0219i au cerut Pentagonului s\u0103 ac\u021bioneze rapid pentru a implementa aceste fonduri.<\/p>\n<h2>Pentagonul: sprijinul continu\u0103, dar Europa contribuie<\/h2>\n<p style=\"text-align: left\">Secretarul Ap\u0103r\u0103rii, Pete Hegseth, a declarat c\u0103 Statele Unite \u00ee\u0219i continu\u0103 angajamentul de sprijin pentru Ucraina, dar a subliniat o schimbare \u00een abordarea acestui ajutor. \u201eUcrainenii au demonstrat un curaj deosebit, iar acum Europa contribuie financiar pentru armele pe care le furniz\u0103m\u201d, a afirmat Hegseth.<\/p>\n<p style=\"text-align: left\">De asemenea, \u0219eful Statului Major, Dan Caine, a ad\u0103ugat c\u0103 sprijinul american r\u0103m\u00e2ne \u201econtinuu\u201d, incluz\u00e2nd schimburi de informa\u021bii \u0219i cooperare militar\u0103 \u00een cadrul comandamentului european.<\/p>\n<h2>F\u0103r\u0103 fonduri noi pentru Ucraina \u00een bugetul pe 2027<\/h2>\n<p style=\"text-align: left\">Controlorul interimar al Pentagonului, Jules Hurst, a confirmat c\u0103 proiectul de buget pentru anul fiscal 2027 nu preconizeaz\u0103 finan\u021bare suplimentar\u0103 pentru programul de sprijin militar destinat Ucrainei. Hurst a men\u021bionat c\u0103 Pentagonul va utiliza pachetul de 400 de milioane de dolari, recent aprobat de Congres, care urmeaz\u0103 s\u0103 fie implementat \u201efoarte cur\u00e2nd\u201d.<\/p>\n<h2>Ajutorul pentru Ucraina, afectat de conflictul cu Iranul<\/h2>\n<p style=\"text-align: left\">\u00cen timpul acelea\u0219i audieri, congresmanul democrat John Garamendi a subliniat c\u0103 sprijinul pentru Ucraina este influen\u021bat de redirec\u021bionarea resurselor c\u0103tre alte teatre de opera\u021biuni, \u00een special c\u0103tre conflictul cu Iranul. \u201eEchipamentele \u0219i sistemele de ap\u0103rare sunt redirec\u021bionate c\u0103tre r\u0103zboiul cu Iranul\u201d, a explicat Garamendi, eviden\u021biind impactul asupra capacit\u0103\u021bii SUA de a sus\u021bine Kievul.<\/p>\n<h2>Divergen\u021be privind amploarea ajutorului<\/h2>\n<p style=\"text-align: left\">Dezbaterea a scos la iveal\u0103 diferen\u021be de opinie \u00eentre oficialii americani. Unii dintre ace\u0219tia au criticat nivelul ridicat al ajutoarelor acordate p\u00e2n\u0103 acum, estimat la aproximativ 300 de miliarde de dolari, \u00een timp ce al\u021bii au subliniat necesitatea de a continua sprijinul. \u00cen acest context, se observ\u0103 o tendin\u021b\u0103 de transferare a responsabilit\u0103\u021bii pentru sus\u021binerea Ucrainei c\u0103tre alia\u021bii europeni, \u00een contextul presiunilor asupra bugetului american.<\/p>\n<p style=\"text-align: left\">Congresmena Sarah Elfreth a oferit un exemplu relevant, men\u021bion\u00e2nd implicarea Ucrainei \u00een Orientul Mijlociu: \u201eUcraina a f\u0103cut poate mai mult dec\u00e2t orice alt aliat pentru noi \u00een Orientul Mijlociu\u201d, a afirmat aceasta, ad\u0103ug\u00e2nd c\u0103 \u201eintercepteaz\u0103 drone iraniene care amenin\u021b\u0103 trupele SUA \u0219i ale partenerilor\u201d.<\/p>\n","protected":false},"excerpt":{"rendered":"<p>\u00cen cadrul audierilor dedicate bugetului Pentagonului pentru anul 2027, desf\u0103\u0219urate joi, mai mul\u021bi membri ai Congresului Statelor Unite au ridicat \u00eentreb\u0103ri cu privire la \u00eent\u00e2rzierea fondurilor aprobate pentru Ucraina. Ace\u0219tia au subliniat c\u0103 resursele financiare nu au fost \u00eenc\u0103 utilizate pe teren, provoc\u00e2nd \u00eengrijorare \u00een r\u00e2ndul parlamentarilor. Democrata Sarah Elfreth a acuzat Departamentul Ap\u0103r\u0103rii c\u0103 [&hellip;]<\/p>\n","protected":false},"author":2,"featured_media":16944,"comment_status":"open","ping_status":"open","sticky":false,"template":"","format":"standard","meta":{"jnews-multi-image_gallery":[],"jnews_single_post":[],"jnews_primary_category":[],"jnews_override_counter":[],"footnotes":""},"categories":[41],"tags":[19181,1068,1091,2731,5195,7458,19182,682],"class_list":["post-16943","post","type-post","status-publish","format-standard","has-post-thumbnail","hentry","category-externe","tag-asistenta-de-securitate","tag-buget","tag-congres","tag-fonduri","tag-pentagon","tag-pete-hegseth","tag-sarah-elfreth","tag-ucraina"],"_links":{"self":[{"href":"https:\/\/www.newsrecorder.ro\/app\/wp-json\/wp\/v2\/posts\/16943","targetHints":{"allow":["GET"]}}],"collection":[{"href":"https:\/\/www.newsrecorder.ro\/app\/wp-json\/wp\/v2\/posts"}],"about":[{"href":"https:\/\/www.newsrecorder.ro\/app\/wp-json\/wp\/v2\/types\/post"}],"author":[{"embeddable":true,"href":"https:\/\/www.newsrecorder.ro\/app\/wp-json\/wp\/v2\/users\/2"}],"replies":[{"embeddable":true,"href":"https:\/\/www.newsrecorder.ro\/app\/wp-json\/wp\/v2\/comments?post=16943"}],"version-history":[{"count":0,"href":"https:\/\/www.newsrecorder.ro\/app\/wp-json\/wp\/v2\/posts\/16943\/revisions"}],"wp:featuredmedia":[{"embeddable":true,"href":"https:\/\/www.newsrecorder.ro\/app\/wp-json\/wp\/v2\/media\/16944"}],"wp:attachment":[{"href":"https:\/\/www.newsrecorder.ro\/app\/wp-json\/wp\/v2\/media?parent=16943"}],"wp:term":[{"taxonomy":"category","embeddable":true,"href":"https:\/\/www.newsrecorder.ro\/app\/wp-json\/wp\/v2\/categories?post=16943"},{"taxonomy":"post_tag","embeddable":true,"href":"https:\/\/www.newsrecorder.ro\/app\/wp-json\/wp\/v2\/tags?post=16943"}],"curies":[{"name":"wp","href":"https:\/\/api.w.org\/{rel}","templated":true}]}}