{"id":16945,"date":"2026-05-01T03:59:38","date_gmt":"2026-05-01T03:59:38","guid":{"rendered":"https:\/\/www.newsrecorder.ro\/app\/2026\/05\/01\/craig-venter-pionierul-genomului-uman-a-murit-la-79-de-ani\/"},"modified":"2026-05-01T03:59:38","modified_gmt":"2026-05-01T03:59:38","slug":"craig-venter-pionierul-genomului-uman-a-murit-la-79-de-ani","status":"publish","type":"post","link":"https:\/\/www.newsrecorder.ro\/app\/2026\/05\/01\/craig-venter-pionierul-genomului-uman-a-murit-la-79-de-ani\/","title":{"rendered":"Craig Venter, pionierul genomului uman, a murit la 79 de ani"},"content":{"rendered":"<p>Craig Venter, biolog \u0219i antreprenor american, renumit pentru contribu\u021biile sale semnificative \u00een secven\u021bierea genomului uman, a decedat miercuri la v\u00e2rsta de 79 de ani, \u00een San Diego, California, conform informa\u021biilor furnizate de <a href=\"https:\/\/www.lefigaro.fr\/sciences\/le-biologiste-craig-venter-pionnier-du-sequencage-du-genome-humain-est-mort-a-79-ans-20260430\" target=\"_blank\" rel=\"noopener\">Le Figaro<\/a>.<\/p>\n<p>Informa\u021bia despre dispari\u021bia sa a fost comunicat\u0103 de Institutul J. Craig Venter, care \u00eei poart\u0103 numele. \u201eJ. Craig Venter, doctor \u00een filosofie, fondator, pre\u0219edinte al consiliului de administra\u021bie \u0219i director executiv al Institutului, a decedat (miercuri) \u00een urma unei spitaliz\u0103ri scurte, cauzate de efecte secundare nea\u0219teptate \u00een urma unui tratament pentru un cancer diagnosticat recent\u201d, se men\u021bioneaz\u0103 \u00een anun\u021b.<\/p>\n<p>Cu o carier\u0103 prolific\u0103, Venter a fost la conducerea Institutului de Cercetare Genomic\u0103, pe care l-a fondat \u00een 1992. Aici, el \u0219i echipa sa au dezvoltat o metod\u0103 inovatoare de secven\u021biere, cunoscut\u0103 sub denumirea de <em>\u201eshotgun\u201d<\/em>, care permite secven\u021bierea unor segmente mici de ADN selectate aleatoriu din bacterii sau celule. Aceste segmente sunt apoi asamblate computerizat pentru a forma secven\u021be genomice contigue. De\u0219i la \u00eenceput metoda a fost contestat\u0103 de comunitatea \u0219tiin\u021bific\u0103, fiind considerat\u0103 rapid\u0103 dar imprecis\u0103, acum este recunoscut\u0103 ca una dintre tehnologiile esen\u021biale \u00een secven\u021bierea genomului uman.<\/p>\n<p>\u00cen anul 2000, Venter a avut ocazia s\u0103 \u00eemp\u0103rt\u0103\u0219easc\u0103 scena cu fostul pre\u0219edinte american Bill Clinton \u0219i cu rivalul s\u0103u, Francis S. Collins, un alt nume proeminent implicat \u00een Proiectul Genomului Uman. Cu ocazia acestui eveniment, Clinton i-a felicitat pe ambii, declar\u00e2ndu-i \u201eegali\u201d \u00een realiz\u0103rile lor legate de secven\u021bierea genomului uman.<\/p>\n<p>Nu s-a oprit aici, iar \u00een 2007, Craig Venter a f\u0103cut un pas revolu\u021bionar, reu\u0219ind s\u0103 creeze un cromozom artificial sintetic \u00een laborator, deschiz\u00e2nd astfel drumul c\u0103tre dezvoltarea unor forme de via\u021b\u0103 artificiale.<\/p>\n","protected":false},"excerpt":{"rendered":"<p>Craig Venter, biolog \u0219i antreprenor american, renumit pentru contribu\u021biile sale semnificative \u00een secven\u021bierea genomului uman, a decedat miercuri la v\u00e2rsta de 79 de ani, \u00een San Diego, California, conform informa\u021biilor furnizate de Le Figaro. Informa\u021bia despre dispari\u021bia sa a fost comunicat\u0103 de Institutul J. Craig Venter, care \u00eei poart\u0103 numele. \u201eJ. Craig Venter, doctor \u00een [&hellip;]<\/p>\n","protected":false},"author":2,"featured_media":16946,"comment_status":"open","ping_status":"open","sticky":false,"template":"","format":"standard","meta":{"jnews-multi-image_gallery":[],"jnews_single_post":[],"jnews_primary_category":[],"jnews_override_counter":[],"footnotes":""},"categories":[41],"tags":[19184,2968,19186,19183,5831,19185,15435,19187],"class_list":["post-16945","post","type-post","status-publish","format-standard","has-post-thumbnail","hentry","category-externe","tag-biolog","tag-cancer","tag-cercetare-genomica","tag-craig-venter","tag-decedat","tag-genom-uman","tag-institut","tag-secventiere-adn"],"_links":{"self":[{"href":"https:\/\/www.newsrecorder.ro\/app\/wp-json\/wp\/v2\/posts\/16945","targetHints":{"allow":["GET"]}}],"collection":[{"href":"https:\/\/www.newsrecorder.ro\/app\/wp-json\/wp\/v2\/posts"}],"about":[{"href":"https:\/\/www.newsrecorder.ro\/app\/wp-json\/wp\/v2\/types\/post"}],"author":[{"embeddable":true,"href":"https:\/\/www.newsrecorder.ro\/app\/wp-json\/wp\/v2\/users\/2"}],"replies":[{"embeddable":true,"href":"https:\/\/www.newsrecorder.ro\/app\/wp-json\/wp\/v2\/comments?post=16945"}],"version-history":[{"count":0,"href":"https:\/\/www.newsrecorder.ro\/app\/wp-json\/wp\/v2\/posts\/16945\/revisions"}],"wp:featuredmedia":[{"embeddable":true,"href":"https:\/\/www.newsrecorder.ro\/app\/wp-json\/wp\/v2\/media\/16946"}],"wp:attachment":[{"href":"https:\/\/www.newsrecorder.ro\/app\/wp-json\/wp\/v2\/media?parent=16945"}],"wp:term":[{"taxonomy":"category","embeddable":true,"href":"https:\/\/www.newsrecorder.ro\/app\/wp-json\/wp\/v2\/categories?post=16945"},{"taxonomy":"post_tag","embeddable":true,"href":"https:\/\/www.newsrecorder.ro\/app\/wp-json\/wp\/v2\/tags?post=16945"}],"curies":[{"name":"wp","href":"https:\/\/api.w.org\/{rel}","templated":true}]}}