{"id":16947,"date":"2026-05-01T03:59:57","date_gmt":"2026-05-01T03:59:57","guid":{"rendered":"https:\/\/www.newsrecorder.ro\/app\/2026\/05\/01\/de-ce-are-sua-baze-militare-in-germania-trump-va-reduce-efectivele\/"},"modified":"2026-05-01T03:59:57","modified_gmt":"2026-05-01T03:59:57","slug":"de-ce-are-sua-baze-militare-in-germania-trump-va-reduce-efectivele","status":"publish","type":"post","link":"https:\/\/www.newsrecorder.ro\/app\/2026\/05\/01\/de-ce-are-sua-baze-militare-in-germania-trump-va-reduce-efectivele\/","title":{"rendered":"De ce are SUA baze militare \u00een Germania? Trump va reduce efectivele?"},"content":{"rendered":"<p>Pre\u0219edintele american Donald Trump a anun\u021bat c\u0103 Statele Unite \u201estudiaz\u0103 \u0219i analizeaz\u0103 posibila reducere a trupelor sta\u021bionate \u00een Germania\u201d. Aceast\u0103 declara\u021bie a fost f\u0103cut\u0103 la scurt timp dup\u0103 ce cancelarul Friedrich Merz a afirmat c\u0103 Washingtonul este \u201edep\u0103\u0219it \u0219i umilit\u201d de Iran. Trump a precizat c\u0103 o decizie va fi luat\u0103 \u201e\u00een urm\u0103toarea perioad\u0103 scurt\u0103 de timp\u201d, conform unui articol publicat de <a href=\"https:\/\/www.theguardian.com\/us-news\/2026\/apr\/30\/us-military-bases-germany-trump-threat-cut-numbers\" target=\"_blank\" rel=\"noopener\">The Guardian<\/a>.<\/p>\n<p><strong>80 de ani de prezen\u021b\u0103 militar\u0103<\/strong><\/p>\n<p>Prezen\u021ba militar\u0103 american\u0103 \u00een Germania dateaz\u0103 din 1945, la sf\u00e2r\u0219itul celui de-al Doilea R\u0103zboi Mondial, c\u00e2nd pe teritoriul german se aflau 1,6 milioane de solda\u021bi americani. De-a lungul anilor, num\u0103rul acestora a sc\u0103zut, \u00eens\u0103 misiunea a evoluat, trec\u00e2nd de la denazificare la ap\u0103rarea \u00eempotriva URSS. Odat\u0103 cu \u00eenfiin\u021barea NATO \u00een 1949, bazele au devenit permanente.<\/p>\n<p>\u00cen timpul R\u0103zboiului Rece, Statele Unite operau peste 800 de loca\u021bii militare \u00een Germania, cu un num\u0103r de trupe care dep\u0103\u0219ea adesea 250.000. Aceste baze erau asem\u0103n\u0103toare cu ora\u0219e americane autonome, av\u00e2nd \u0219coli, magazine \u0219i cinematografe proprii.<\/p>\n<p><strong>Ce exist\u0103 acolo acum<\/strong><\/p>\n<p>\u00cen prezent, SUA au aproximativ 36.400 de militari sta\u021biona\u021bi \u00een Germania, repartiza\u021bi \u00een 20-40 de baze. Printre cele mai importante se num\u0103r\u0103 baza aerian\u0103 Ramstein, care g\u0103zduie\u0219te 8.500 de membri ai for\u021belor aeriene. La Stuttgart se afl\u0103 sediile Comandamentului European \u0219i Comandamentului Africii, care coordoneaz\u0103 toate opera\u021biunile militare americane pe dou\u0103 continente.<\/p>\n<p>Centrul medical Landstuhl reprezint\u0103 cel mai mare spital militar american din afara SUA, iar zona de instruc\u021bie din Bavaria este cea mai extins\u0103 din Europa.<\/p>\n<p><strong>Nu este prima amenin\u021bare<\/strong><\/p>\n<p>Trump a mai f\u0103cut declara\u021bii similare \u00een trecut. \u00cen 2020, el a numit Germania \u201edelincvent\u0103\u201d \u0219i a anun\u021bat o reducere cu o treime a trupelor americane. Aceast\u0103 decizie a surprins Pentagonul, Departamentul de Stat \u0219i alia\u021bii NATO, dar nu a fost implementat\u0103. Pre\u0219edintele Biden a suspendat planul \u00een februarie 2021 \u0219i l-a anulat oficial ulterior.<\/p>\n<p><strong>De ce Pentagonul rezist\u0103<\/strong><\/p>\n<p>Anali\u0219tii subliniaz\u0103 c\u0103 bazele din Germania nu sunt doar o favoare pentru Europa, ci constituie instrumente esen\u021biale ale puterii militare globale americane. F\u0103r\u0103 baza de la Ramstein, multe opera\u021biuni americane ar deveni semnificativ mai dificile.<\/p>\n<p>\u201eFor\u021bele americane din Europa nu reprezint\u0103 o contribu\u021bie caritabil\u0103 pentru europenii nerecunosc\u0103tori\u201d, a declarat Jeff Rathke de la Institutul Americano-German al Universit\u0103\u021bii Johns Hopkins. \u201eEle sunt un instrument al influen\u021bei militare globale a Americii.\u201d<\/p>\n<p>De asemenea, Legea privind autorizarea ap\u0103r\u0103rii na\u021bionale din 2026 interzice reducerea permanent\u0103 a efectivelor sub 75.000 de trupe americane \u00een Europa. Orice reducere semnificativ\u0103 a bazelor precum Stuttgart \u0219i Ramstein ar implica costuri uria\u0219e \u00een ceea ce prive\u0219te capacitatea militar\u0103 a SUA.<\/p>\n","protected":false},"excerpt":{"rendered":"<p>Pre\u0219edintele american Donald Trump a anun\u021bat c\u0103 Statele Unite \u201estudiaz\u0103 \u0219i analizeaz\u0103 posibila reducere a trupelor sta\u021bionate \u00een Germania\u201d. Aceast\u0103 declara\u021bie a fost f\u0103cut\u0103 la scurt timp dup\u0103 ce cancelarul Friedrich Merz a afirmat c\u0103 Washingtonul este \u201edep\u0103\u0219it \u0219i umilit\u201d de Iran. Trump a precizat c\u0103 o decizie va fi luat\u0103 \u201e\u00een urm\u0103toarea perioad\u0103 scurt\u0103 [&hellip;]<\/p>\n","protected":false},"author":2,"featured_media":16948,"comment_status":"open","ping_status":"open","sticky":false,"template":"","format":"standard","meta":{"jnews-multi-image_gallery":[],"jnews_single_post":[],"jnews_primary_category":[],"jnews_override_counter":[],"footnotes":""},"categories":[41],"tags":[676,913,509,352,654,19189,19188,1735],"class_list":["post-16947","post","type-post","status-publish","format-standard","has-post-thumbnail","hentry","category-externe","tag-germania","tag-iran","tag-merz","tag-nato","tag-prezenta-militara","tag-razboi-rece","tag-reducere-trupe","tag-trump"],"_links":{"self":[{"href":"https:\/\/www.newsrecorder.ro\/app\/wp-json\/wp\/v2\/posts\/16947","targetHints":{"allow":["GET"]}}],"collection":[{"href":"https:\/\/www.newsrecorder.ro\/app\/wp-json\/wp\/v2\/posts"}],"about":[{"href":"https:\/\/www.newsrecorder.ro\/app\/wp-json\/wp\/v2\/types\/post"}],"author":[{"embeddable":true,"href":"https:\/\/www.newsrecorder.ro\/app\/wp-json\/wp\/v2\/users\/2"}],"replies":[{"embeddable":true,"href":"https:\/\/www.newsrecorder.ro\/app\/wp-json\/wp\/v2\/comments?post=16947"}],"version-history":[{"count":0,"href":"https:\/\/www.newsrecorder.ro\/app\/wp-json\/wp\/v2\/posts\/16947\/revisions"}],"wp:featuredmedia":[{"embeddable":true,"href":"https:\/\/www.newsrecorder.ro\/app\/wp-json\/wp\/v2\/media\/16948"}],"wp:attachment":[{"href":"https:\/\/www.newsrecorder.ro\/app\/wp-json\/wp\/v2\/media?parent=16947"}],"wp:term":[{"taxonomy":"category","embeddable":true,"href":"https:\/\/www.newsrecorder.ro\/app\/wp-json\/wp\/v2\/categories?post=16947"},{"taxonomy":"post_tag","embeddable":true,"href":"https:\/\/www.newsrecorder.ro\/app\/wp-json\/wp\/v2\/tags?post=16947"}],"curies":[{"name":"wp","href":"https:\/\/api.w.org\/{rel}","templated":true}]}}