{"id":16949,"date":"2026-05-01T04:00:12","date_gmt":"2026-05-01T04:00:12","guid":{"rendered":"https:\/\/www.newsrecorder.ro\/app\/2026\/05\/01\/atac-cibernetic-asupra-federatiei-franceze-de-baschet-infractorul-prins\/"},"modified":"2026-05-01T04:00:12","modified_gmt":"2026-05-01T04:00:12","slug":"atac-cibernetic-asupra-federatiei-franceze-de-baschet-infractorul-prins","status":"publish","type":"post","link":"https:\/\/www.newsrecorder.ro\/app\/2026\/05\/01\/atac-cibernetic-asupra-federatiei-franceze-de-baschet-infractorul-prins\/","title":{"rendered":"Atac cibernetic asupra Federa\u021biei Franceze de Baschet: infractorul prins!"},"content":{"rendered":"<p>\u00centr-o declara\u021bie emis\u0103 miercuri, Federa\u021bia Francez\u0103 de Baschet a dezv\u0103luit c\u0103 a fost \u021binta unui incident de securitate cibernetic\u0103, care a avut loc cu aproximativ zece zile \u00een urm\u0103. Aceast\u0103 bre\u0219\u0103 a dus la extragerea neautorizat\u0103 a datelor personale ale aproape dou\u0103 milioane de membri, conform informa\u021biilor publicate de <a href=\"https:\/\/www.lefigaro.fr\/actualite-france\/basket-la-federation-francaise-victime-d-une-cyberattaque-et-revele-une-fuite-de-donnees-20260430\" target=\"_blank\" rel=\"noopener\">Le Figaro<\/a>.<\/p>\n<p>Scurgerea de date a fost cauzat\u0103 de accesul ilegal la un cont de utilizator, permi\u021b\u00e2nd utilizarea abuziv\u0103 a sistemului de gestionare a membrilor federa\u021biei. Informa\u021biile compromise includ date de identificare, precum numele \u0219i prenumele, date de contact \u0219i alte informa\u021bii relevante despre membrii federa\u021biei. Federa\u021bia a confirmat c\u0103 aceste date au fost, cel pu\u021bin par\u021bial, publicate pe platforme de dark web, accesibile pentru actori r\u0103u inten\u021biona\u021bi, \u00eenainte de a fi ulterior \u0219terse.<\/p>\n<p>\u00cen aceea\u0219i zi, Federa\u021bia a asigurat publicul c\u0103 nicio informa\u021bie legat\u0103 de conturile bancare sau parole nu a fost afectat\u0103, iar infractorul cibernetic responsabil pentru acest atac a fost deja arestat.<\/p>\n<p>Incidentul a fost legat de un hacker \u00een v\u00e2rst\u0103 de aproximativ 20 de ani, care a fost prins pe 20 aprilie \u00een Vend\u00e9e. Acesta avea conexiuni cu platforme care rev\u00e2nd date furate. Unitatea de criminalitate cibernetic\u0103 a parchetului din Paris a primit \u00een jur de o sut\u0103 de pl\u00e2ngeri referitoare la atacuri cibernetice asupra mai multor site-uri, \u00eencep\u00e2nd cu 19 decembrie 2025, conform acelea\u0219i surse.<\/p>\n<p>Printre victimele hackerului, cunoscut sub pseudonimul \u201eHexDex\u201d, s-au num\u0103rat diverse Federa\u021bii Franceze, inclusiv cele de naviga\u021bie, atletism, gimnastic\u0103, schi \u0219i multe altele.<\/p>\n","protected":false},"excerpt":{"rendered":"<p>\u00centr-o declara\u021bie emis\u0103 miercuri, Federa\u021bia Francez\u0103 de Baschet a dezv\u0103luit c\u0103 a fost \u021binta unui incident de securitate cibernetic\u0103, care a avut loc cu aproximativ zece zile \u00een urm\u0103. Aceast\u0103 bre\u0219\u0103 a dus la extragerea neautorizat\u0103 a datelor personale ale aproape dou\u0103 milioane de membri, conform informa\u021biilor publicate de Le Figaro. Scurgerea de date a [&hellip;]<\/p>\n","protected":false},"author":2,"featured_media":16950,"comment_status":"open","ping_status":"open","sticky":false,"template":"","format":"standard","meta":{"jnews-multi-image_gallery":[],"jnews_single_post":[],"jnews_primary_category":[],"jnews_override_counter":[],"footnotes":""},"categories":[41],"tags":[10359,19190,19193,7797,19191,19194,4508,19192],"class_list":["post-16949","post","type-post","status-publish","format-standard","has-post-thumbnail","hentry","category-externe","tag-atac-cibernetic","tag-bresa-de-date","tag-dark-web","tag-date-personale","tag-federatia-franceza-de-baschet","tag-informatii-compromise","tag-securitate-cibernetica","tag-utilizator-ilegal"],"_links":{"self":[{"href":"https:\/\/www.newsrecorder.ro\/app\/wp-json\/wp\/v2\/posts\/16949","targetHints":{"allow":["GET"]}}],"collection":[{"href":"https:\/\/www.newsrecorder.ro\/app\/wp-json\/wp\/v2\/posts"}],"about":[{"href":"https:\/\/www.newsrecorder.ro\/app\/wp-json\/wp\/v2\/types\/post"}],"author":[{"embeddable":true,"href":"https:\/\/www.newsrecorder.ro\/app\/wp-json\/wp\/v2\/users\/2"}],"replies":[{"embeddable":true,"href":"https:\/\/www.newsrecorder.ro\/app\/wp-json\/wp\/v2\/comments?post=16949"}],"version-history":[{"count":0,"href":"https:\/\/www.newsrecorder.ro\/app\/wp-json\/wp\/v2\/posts\/16949\/revisions"}],"wp:featuredmedia":[{"embeddable":true,"href":"https:\/\/www.newsrecorder.ro\/app\/wp-json\/wp\/v2\/media\/16950"}],"wp:attachment":[{"href":"https:\/\/www.newsrecorder.ro\/app\/wp-json\/wp\/v2\/media?parent=16949"}],"wp:term":[{"taxonomy":"category","embeddable":true,"href":"https:\/\/www.newsrecorder.ro\/app\/wp-json\/wp\/v2\/categories?post=16949"},{"taxonomy":"post_tag","embeddable":true,"href":"https:\/\/www.newsrecorder.ro\/app\/wp-json\/wp\/v2\/tags?post=16949"}],"curies":[{"name":"wp","href":"https:\/\/api.w.org\/{rel}","templated":true}]}}