{"id":16959,"date":"2026-05-01T09:21:11","date_gmt":"2026-05-01T09:21:11","guid":{"rendered":"https:\/\/www.newsrecorder.ro\/app\/2026\/05\/01\/irineu-darau-declara-reset-in-digitalizarea-romaniei-demis-seful-adr\/"},"modified":"2026-05-01T09:21:11","modified_gmt":"2026-05-01T09:21:11","slug":"irineu-darau-declara-reset-in-digitalizarea-romaniei-demis-seful-adr","status":"publish","type":"post","link":"https:\/\/www.newsrecorder.ro\/app\/2026\/05\/01\/irineu-darau-declara-reset-in-digitalizarea-romaniei-demis-seful-adr\/","title":{"rendered":"Irineu Dar\u0103u declar\u0103 \u201eRESET\u201d \u00een digitalizarea Rom\u00e2niei: Demis \u0219eful ADR!"},"content":{"rendered":"<p>\u201e\u00cen sf\u00e2r\u0219it, avem parte de un RESET la Autoritatea pentru Digitalizarea Rom\u00e2niei! \u00cempreun\u0103 cu doamna vicepremier Oana Gheorghiu, i-am solicitat premierului demiterea pre\u0219edintelui ADR, iar aceast\u0103 schimbare necesar\u0103 tocmai s-a materializat\u201d, a declarat Irineu Dar\u0103u.<\/p>\n<p>Conform afirma\u021biilor lui Dar\u0103u, digitalizarea administra\u021biei a stagnat \u00een ultimii ani, iar aceste efecte sunt evidente \u00een serviciile publice de care rom\u00e2nii depind zilnic.<\/p>\n<p>\u201eNu mai putem continua cu fr\u00e2na de m\u00e2n\u0103 tras\u0103 \u00een digitalizarea Rom\u00e2niei\u201d, a subliniat ministrul, ad\u0103ug\u00e2nd c\u0103 schimbarea conducerii ADR marcheaz\u0103 \u00eenceputul unei noi etape \u00een acest proces vital.<\/p>\n<p>Ministrul a eviden\u021biat problemele existente, cum ar fi gestionarea defectuoas\u0103 a Cloudului Guvernamental \u0219i lipsa de rezultate \u00een proiectele IT. \u201eDe prea mult timp, \u00een loc s\u0103 facem progrese, ne \u00eempotmolim din ce \u00een ce mai mult. Aceasta se reflect\u0103 \u00een aspecte concrete, de zi cu zi, resim\u021bite direct de cet\u0103\u021beni\u201d, a continuat Irineu Dar\u0103u.<\/p>\n<p>\u201eC\u00e2nd pierzi \u00een instan\u021b\u0103 finan\u021barea pentru speciali\u0219tii care lucreaz\u0103 la Cloudul Guvernamental, iar planurile alternative lipsesc, discut\u0103m despre o gestionare financiar\u0103 dezastruoas\u0103. Platformele lansate cu erori majore, greu de utilizat sau achizi\u021biile mari f\u0103r\u0103 o baz\u0103 legal\u0103, denot\u0103 e\u0219ecuri \u00een decizii luate f\u0103r\u0103 respectarea regulilor. Dac\u0103 se creeaz\u0103 confuzie \u00een r\u00e2ndul popula\u021biei, afirm\u00e2nd c\u0103 s-au pierdut zeci de milioane de euro, c\u00e2nd, de fapt, este vorba despre economii, acest lucru genereaz\u0103 ne\u00eencredere. De asemenea, refuzul de a oferi date ministerului coordonator duce la un mediu de insubordonare \u0219i lips\u0103 de transparen\u021b\u0103\u201d, a ad\u0103ugat ministrul Economiei.<\/p>\n<p>\u00cen plus, Dar\u0103u a men\u021bionat c\u0103 platforme esen\u021biale precum Ghi\u0219eul.ro sau SEAP s-au blocat, ceea ce nu reprezint\u0103 doar incidente recurente, ci un management defectuos al unor infrastructuri critice, gestionate f\u0103r\u0103 organizare \u0219i viziune concret\u0103.<\/p>\n<p>\u201eToate aceste e\u0219ecuri, pentru care ADR este responsabil\u0103, trebuie s\u0103 aib\u0103 urm\u0103ri. \u00cen ultimele luni, am f\u0103cut tot posibilul s\u0103 corect\u0103m situa\u021bia, de la liberalizarea semn\u0103turii electronice p\u00e2n\u0103 la stoparea unor licita\u021bii \u0219i achizi\u021bii dubioase. Cu toate acestea, este evident c\u0103 nu este suficient. Era imperios necesar un reset la nivel de conducere \u0219i o accelerare real\u0103 a transform\u0103rii digitale \u00een Rom\u00e2nia. De asemenea, trebuie s\u0103 elimin\u0103m orice influen\u021b\u0103 toxic\u0103 care a \u00eempiedicat digitalizarea Rom\u00e2niei pentru prea mult timp. Este momentul ca Rom\u00e2nia s\u0103 scape de umbra lui Sebastian Ghi\u021b\u0103, care a planat asupra institu\u021biilor \u0219i digitaliz\u0103rii\u201d, a concluzionat <a href=\"https:\/\/www.mediafax.ro\/politic\/ministrul-economiei-este-o-greseala-fundamentala-a-psd-ca-da-aceasta-forta-unui-partid-extremist-23728516\">Dar\u0103u<\/a>.<\/p>\n<p>Men\u021bion\u0103m c\u0103 Autoritatea pentru Digitalizarea Rom\u00e2niei era condus\u0103 de Drago\u0219\u2013Cristian Vlad.<\/p>\n","protected":false},"excerpt":{"rendered":"<p>\u201e\u00cen sf\u00e2r\u0219it, avem parte de un RESET la Autoritatea pentru Digitalizarea Rom\u00e2niei! \u00cempreun\u0103 cu doamna vicepremier Oana Gheorghiu, i-am solicitat premierului demiterea pre\u0219edintelui ADR, iar aceast\u0103 schimbare necesar\u0103 tocmai s-a materializat\u201d, a declarat Irineu Dar\u0103u. Conform afirma\u021biilor lui Dar\u0103u, digitalizarea administra\u021biei a stagnat \u00een ultimii ani, iar aceste efecte sunt evidente \u00een serviciile publice de [&hellip;]<\/p>\n","protected":false},"author":2,"featured_media":16960,"comment_status":"open","ping_status":"open","sticky":false,"template":"","format":"standard","meta":{"jnews-multi-image_gallery":[],"jnews_single_post":[],"jnews_primary_category":[],"jnews_override_counter":[],"footnotes":""},"categories":[42],"tags":[6437,7982,11192,486,299,2041,19206,19205],"class_list":["post-16959","post","type-post","status-publish","format-standard","has-post-thumbnail","hentry","category-politica","tag-administratie-publica","tag-autoritatea-pentru-digitalizarea-romaniei","tag-cloud-guvernamental","tag-digitalizare","tag-irineu-darau","tag-oana-gheorghiu","tag-proiecte-it","tag-reset"],"_links":{"self":[{"href":"https:\/\/www.newsrecorder.ro\/app\/wp-json\/wp\/v2\/posts\/16959","targetHints":{"allow":["GET"]}}],"collection":[{"href":"https:\/\/www.newsrecorder.ro\/app\/wp-json\/wp\/v2\/posts"}],"about":[{"href":"https:\/\/www.newsrecorder.ro\/app\/wp-json\/wp\/v2\/types\/post"}],"author":[{"embeddable":true,"href":"https:\/\/www.newsrecorder.ro\/app\/wp-json\/wp\/v2\/users\/2"}],"replies":[{"embeddable":true,"href":"https:\/\/www.newsrecorder.ro\/app\/wp-json\/wp\/v2\/comments?post=16959"}],"version-history":[{"count":0,"href":"https:\/\/www.newsrecorder.ro\/app\/wp-json\/wp\/v2\/posts\/16959\/revisions"}],"wp:featuredmedia":[{"embeddable":true,"href":"https:\/\/www.newsrecorder.ro\/app\/wp-json\/wp\/v2\/media\/16960"}],"wp:attachment":[{"href":"https:\/\/www.newsrecorder.ro\/app\/wp-json\/wp\/v2\/media?parent=16959"}],"wp:term":[{"taxonomy":"category","embeddable":true,"href":"https:\/\/www.newsrecorder.ro\/app\/wp-json\/wp\/v2\/categories?post=16959"},{"taxonomy":"post_tag","embeddable":true,"href":"https:\/\/www.newsrecorder.ro\/app\/wp-json\/wp\/v2\/tags?post=16959"}],"curies":[{"name":"wp","href":"https:\/\/api.w.org\/{rel}","templated":true}]}}